{"id":4468,"date":"2022-08-02T09:08:05","date_gmt":"2022-08-02T14:08:05","guid":{"rendered":"https:\/\/elrotativo.mx\/portal\/?p=4468"},"modified":"2022-08-02T09:08:07","modified_gmt":"2022-08-02T14:08:07","slug":"atenderan-problemas-de-agudeza-visual-en-el-municipio-de-nogales","status":"publish","type":"post","link":"https:\/\/elrotativo.com.mx\/portal\/atenderan-problemas-de-agudeza-visual-en-el-municipio-de-nogales\/","title":{"rendered":"Atender\u00e1n problemas de agudeza visual en el municipio de Nogales"},"content":{"rendered":"\n<p>Nogales, Ver.- Durante los \u00faltimos a\u00f1os, aument\u00f3 el problema de agudeza visual entre ni\u00f1os y adolescentes, como consecuencia de clases en l\u00ednea y el confinamiento, pues pasan la mayor parte del tiempo en equipos de c\u00f3mputo, la televisi\u00f3n, los celulares o tabletas, indic\u00f3 Arturo Oceguera, optometrista que realiza estudios de la campa\u00f1a &nbsp;que impulsa la direcci\u00f3n de salud del gobierno municipal.<\/p>\n\n\n\n<p>Coment\u00f3 que a medida que la agudeza visual de una persona empeora, su visi\u00f3n se torna m\u00e1s borrosa, haciendo que su percepci\u00f3n de los objetos sea menos clara que una persona con una agudeza visual adecuada.<\/p>\n\n\n\n<p>El entrevistado, recomend\u00f3 el uso de lentes con mica Anti reflejante, que es una fina y delgada capa de pel\u00edcula que se aplica sobre el lente para reducir reflejos y eliminar el deslumbramiento, pues reducen hasta 70% los efectos nocivos del \u201cBlue Light\u201d (luz azul) que emiten los dispositivos con pantalla digital tipo Smart phones, tabletas y computadoras.<\/p>\n\n\n\n<p>\u201cLo m\u00e1s com\u00fan en la ni\u00f1ez es la miop\u00eda que se resuelve con los anteojos graduados as\u00ed el problema visual se frena y no avanza\u201d, agreg\u00f3 el especialista.<\/p>\n\n\n\n<p>Destac\u00f3 que de lunes a viernes permanecer\u00e1 el m\u00f3dulo de atenci\u00f3n para hacer el estudio a la poblaci\u00f3n, en horario de 9:00 a 15:00 horas, en la explanada del Palacio Municipal de Nogales.<\/p>\n\n\n\n<p>Agradeci\u00f3 el apoyo del alcalde Ernesto Torres Navarro, para realizar la jornada de salud visual, a la que tambi\u00e9n pueden asistir personas de municipios vecinos.<\/p>\n","protected":false},"excerpt":{"rendered":"<p>Nogales, Ver.- Durante los \u00faltimos a\u00f1os, aument\u00f3 el problema de agudeza visual entre ni\u00f1os y adolescentes, como consecuencia de clases en l\u00ednea y el confinamiento, pues pasan la mayor parte del tiempo en equipos de c\u00f3mputo, la televisi\u00f3n, los celulares o tabletas, indic\u00f3 Arturo Oceguera, optometrista que realiza estudios de la campa\u00f1a &nbsp;que impulsa la [&hellip;]<\/p>\n","protected":false},"author":4,"featured_media":4464,"comment_status":"open","ping_status":"open","sticky":false,"template":"","format":"standard","meta":{"rop_custom_images_group":[],"rop_custom_messages_group":[],"rop_publish_now":"initial","rop_publish_now_accounts":{"facebook_2001103103558832_1797403930571497":""},"rop_publish_now_history":[],"rop_publish_now_status":"pending","tdm_status":"","tdm_grid_status":"","footnotes":""},"categories":[10],"tags":[],"class_list":{"0":"post-4468","1":"post","2":"type-post","3":"status-publish","4":"format-standard","5":"has-post-thumbnail","7":"category-local-regional"},"_links":{"self":[{"href":"https:\/\/elrotativo.com.mx\/portal\/wp-json\/wp\/v2\/posts\/4468","targetHints":{"allow":["GET"]}}],"collection":[{"href":"https:\/\/elrotativo.com.mx\/portal\/wp-json\/wp\/v2\/posts"}],"about":[{"href":"https:\/\/elrotativo.com.mx\/portal\/wp-json\/wp\/v2\/types\/post"}],"author":[{"embeddable":true,"href":"https:\/\/elrotativo.com.mx\/portal\/wp-json\/wp\/v2\/users\/4"}],"replies":[{"embeddable":true,"href":"https:\/\/elrotativo.com.mx\/portal\/wp-json\/wp\/v2\/comments?post=4468"}],"version-history":[{"count":1,"href":"https:\/\/elrotativo.com.mx\/portal\/wp-json\/wp\/v2\/posts\/4468\/revisions"}],"predecessor-version":[{"id":4469,"href":"https:\/\/elrotativo.com.mx\/portal\/wp-json\/wp\/v2\/posts\/4468\/revisions\/4469"}],"wp:featuredmedia":[{"embeddable":true,"href":"https:\/\/elrotativo.com.mx\/portal\/wp-json\/wp\/v2\/media\/4464"}],"wp:attachment":[{"href":"https:\/\/elrotativo.com.mx\/portal\/wp-json\/wp\/v2\/media?parent=4468"}],"wp:term":[{"taxonomy":"category","embeddable":true,"href":"https:\/\/elrotativo.com.mx\/portal\/wp-json\/wp\/v2\/categories?post=4468"},{"taxonomy":"post_tag","embeddable":true,"href":"https:\/\/elrotativo.com.mx\/portal\/wp-json\/wp\/v2\/tags?post=4468"}],"curies":[{"name":"wp","href":"https:\/\/api.w.org\/{rel}","templated":true}]}}