{"id":4422,"date":"2022-08-01T09:02:18","date_gmt":"2022-08-01T14:02:18","guid":{"rendered":"https:\/\/elrotativo.mx\/portal\/?p=4422"},"modified":"2022-08-01T09:02:20","modified_gmt":"2022-08-01T14:02:20","slug":"colorido-inicio-en-la-feria-al-senor-de-la-expiracion-en-acultzingo","status":"publish","type":"post","link":"https:\/\/elrotativo.com.mx\/portal\/colorido-inicio-en-la-feria-al-senor-de-la-expiracion-en-acultzingo\/","title":{"rendered":"Colorido inicio en la feria al Se\u00f1or de la Expiraci\u00f3n en Acultzingo"},"content":{"rendered":"\n<p>Acultzingo, Ver.- Este domingo inici\u00f3 la feria patronal en honor al Se\u00f1or de la Expiraci\u00f3n en el municipio de Acultzingo, y como atractivo principal fue el tapete a\u00e9reo de m\u00e1s de 700 metros de longitud, as\u00ed como murales y artesanos de la regi\u00f3n centro del Estado.<\/p>\n\n\n\n<p>Para este evento, se cont\u00f3 con la presencia de autoridades de estatales, diputados federales, locales y alcaldes veracruzanos y del estado de Puebla.<\/p>\n\n\n\n<p>El alcalde, Luis Alfredo Cruz L\u00f3pez acompa\u00f1ado del secretario de Gobierno, Eric Patrocinio Cisneros Burgos y la directora del DIF Estatal, Rebeca Quintanar Barcel\u00f3, encabez\u00f3 el recorrido por las obras de arte.<\/p>\n\n\n\n<p>Durante el evento protocolario, el edil dej\u00f3 en claro que se busca continuar con el rescate de las tradiciones ante decenas de fieles y visitantes que se dieron cita para la fiesta patronal.<\/p>\n\n\n\n<p>Por su parte, el secretario de Gobierno en el Estado de Veracruz, Eric Cisneros Burgos, resalt\u00f3 la obra artesanal del tapete a\u00e9reo, nunca antes visto en el pueblo de Acultzingo, quien tambi\u00e9n destaca por su historia.<\/p>\n\n\n\n<p>A nombre del Gobierno del Estado, el responsable de la pol\u00edtica interna reconoci\u00f3 a la primera autoridad de Acultzingo por rescatar esa identidad, que es lo que le da fuerza a los veracruzanos y por ello pidi\u00f3 que le permita presumir en diferentes regiones este tapete a\u00e9reo multicolor \u00fanico en la entidad Veracruzana.<\/p>\n\n\n\n<p>\u201cMe dio m\u00e1s gusto ver ese enorme tapete a\u00e9reo que es la primera vez que lo veo en Veracruz y si quiero pedir un aplauso muy fuerte para todos aquellos y todas aquellas que participaron. Yo le ped\u00eda a Alfredo que nos permitan presumirlo por diferentes regiones de Veracruz\u201d.<\/p>\n","protected":false},"excerpt":{"rendered":"<p>Acultzingo, Ver.- Este domingo inici\u00f3 la feria patronal en honor al Se\u00f1or de la Expiraci\u00f3n en el municipio de Acultzingo, y como atractivo principal fue el tapete a\u00e9reo de m\u00e1s de 700 metros de longitud, as\u00ed como murales y artesanos de la regi\u00f3n centro del Estado. Para este evento, se cont\u00f3 con la presencia de [&hellip;]<\/p>\n","protected":false},"author":4,"featured_media":4375,"comment_status":"open","ping_status":"open","sticky":false,"template":"","format":"standard","meta":{"rop_custom_images_group":[],"rop_custom_messages_group":[],"rop_publish_now":"initial","rop_publish_now_accounts":{"facebook_2001103103558832_1797403930571497":""},"rop_publish_now_history":[],"rop_publish_now_status":"pending","tdm_status":"","tdm_grid_status":"","footnotes":""},"categories":[10],"tags":[],"class_list":{"0":"post-4422","1":"post","2":"type-post","3":"status-publish","4":"format-standard","5":"has-post-thumbnail","7":"category-local-regional"},"_links":{"self":[{"href":"https:\/\/elrotativo.com.mx\/portal\/wp-json\/wp\/v2\/posts\/4422","targetHints":{"allow":["GET"]}}],"collection":[{"href":"https:\/\/elrotativo.com.mx\/portal\/wp-json\/wp\/v2\/posts"}],"about":[{"href":"https:\/\/elrotativo.com.mx\/portal\/wp-json\/wp\/v2\/types\/post"}],"author":[{"embeddable":true,"href":"https:\/\/elrotativo.com.mx\/portal\/wp-json\/wp\/v2\/users\/4"}],"replies":[{"embeddable":true,"href":"https:\/\/elrotativo.com.mx\/portal\/wp-json\/wp\/v2\/comments?post=4422"}],"version-history":[{"count":1,"href":"https:\/\/elrotativo.com.mx\/portal\/wp-json\/wp\/v2\/posts\/4422\/revisions"}],"predecessor-version":[{"id":4423,"href":"https:\/\/elrotativo.com.mx\/portal\/wp-json\/wp\/v2\/posts\/4422\/revisions\/4423"}],"wp:featuredmedia":[{"embeddable":true,"href":"https:\/\/elrotativo.com.mx\/portal\/wp-json\/wp\/v2\/media\/4375"}],"wp:attachment":[{"href":"https:\/\/elrotativo.com.mx\/portal\/wp-json\/wp\/v2\/media?parent=4422"}],"wp:term":[{"taxonomy":"category","embeddable":true,"href":"https:\/\/elrotativo.com.mx\/portal\/wp-json\/wp\/v2\/categories?post=4422"},{"taxonomy":"post_tag","embeddable":true,"href":"https:\/\/elrotativo.com.mx\/portal\/wp-json\/wp\/v2\/tags?post=4422"}],"curies":[{"name":"wp","href":"https:\/\/api.w.org\/{rel}","templated":true}]}}