{"id":4418,"date":"2022-08-01T08:58:18","date_gmt":"2022-08-01T13:58:18","guid":{"rendered":"https:\/\/elrotativo.mx\/portal\/?p=4418"},"modified":"2022-08-01T08:58:20","modified_gmt":"2022-08-01T13:58:20","slug":"enlista-uv-facultades-que-reacreditaran-carreras","status":"publish","type":"post","link":"https:\/\/elrotativo.com.mx\/portal\/enlista-uv-facultades-que-reacreditaran-carreras\/","title":{"rendered":"Enlista UV, facultades que reacreditar\u00e1n carreras"},"content":{"rendered":"\n<p>Orizaba, Ver.- A partir de este lunes 1 de agosto, comenzar\u00e1n los trabajos de los organismos acreditadores y certificadores para acreditar las carreras de las diferentes facultades de la Universidad Veracruzana de la regi\u00f3n Orizaba-C\u00f3rdoba, dio a conocer la secretaria acad\u00e9mica Patricia Espinoza Garc\u00eda.<\/p>\n\n\n\n<p>Coment\u00f3 que la Universidad Veracruzana tiene el 10 por ciento de los programas educativos acreditados y en estos \u00faltimos meses de 2022 se volver\u00e1n a reacreditar.<\/p>\n\n\n\n<p>Mencion\u00f3 que cada programa educativo tiene un organismo acreditador y certificador, \u201centonces cada 5 a\u00f1os m\u00e1s o menos son las acreditaciones y certificaciones, ya pas\u00f3 la Facultad de Sociolog\u00eda, ya le toc\u00f3 y estamos en v\u00edsperas de la Facultad de Ciencias Qu\u00edmicas que va con cuatro programas educativos y se va a tener que realizar en diciembre\u201d.<\/p>\n\n\n\n<p>De la misma manera, dio a conocer que la Facultad de Ingenier\u00eda reacreditar\u00e1 tres programas educativos, as\u00ed tambi\u00e9n se busca ese m\u00e9rito al programa de la Facultad de Negocios y el pr\u00f3ximo a\u00f1o otras entidades en diferente periodicidad.<\/p>\n\n\n\n<p>Precis\u00f3 que cada ciclo escolar se actualizan los programas educativos entre cada de 3 a 5 a\u00f1os y si por alguna circunstancia no llegan actualizarse los contenidos de los programas educativos, al interior de cada facultad, a trav\u00e9s de las academias o del \u00e1rea de conocimiento se actualizan ciertos temas de cada experiencia educativa materia.<\/p>\n\n\n\n<p>\u201cLo importante aqu\u00ed es que el sector productivo es el que ayuda a identificar qu\u00e9 \u00e1rea de oportunidad tenemos y a actualizar los programas, planes y programas de estudio\u201d.<\/p>\n","protected":false},"excerpt":{"rendered":"<p>Orizaba, Ver.- A partir de este lunes 1 de agosto, comenzar\u00e1n los trabajos de los organismos acreditadores y certificadores para acreditar las carreras de las diferentes facultades de la Universidad Veracruzana de la regi\u00f3n Orizaba-C\u00f3rdoba, dio a conocer la secretaria acad\u00e9mica Patricia Espinoza Garc\u00eda. Coment\u00f3 que la Universidad Veracruzana tiene el 10 por ciento de [&hellip;]<\/p>\n","protected":false},"author":4,"featured_media":4368,"comment_status":"open","ping_status":"open","sticky":false,"template":"","format":"standard","meta":{"rop_custom_images_group":[],"rop_custom_messages_group":[],"rop_publish_now":"initial","rop_publish_now_accounts":{"facebook_2001103103558832_1797403930571497":""},"rop_publish_now_history":[],"rop_publish_now_status":"pending","tdm_status":"","tdm_grid_status":"","footnotes":""},"categories":[10],"tags":[],"class_list":{"0":"post-4418","1":"post","2":"type-post","3":"status-publish","4":"format-standard","5":"has-post-thumbnail","7":"category-local-regional"},"_links":{"self":[{"href":"https:\/\/elrotativo.com.mx\/portal\/wp-json\/wp\/v2\/posts\/4418","targetHints":{"allow":["GET"]}}],"collection":[{"href":"https:\/\/elrotativo.com.mx\/portal\/wp-json\/wp\/v2\/posts"}],"about":[{"href":"https:\/\/elrotativo.com.mx\/portal\/wp-json\/wp\/v2\/types\/post"}],"author":[{"embeddable":true,"href":"https:\/\/elrotativo.com.mx\/portal\/wp-json\/wp\/v2\/users\/4"}],"replies":[{"embeddable":true,"href":"https:\/\/elrotativo.com.mx\/portal\/wp-json\/wp\/v2\/comments?post=4418"}],"version-history":[{"count":1,"href":"https:\/\/elrotativo.com.mx\/portal\/wp-json\/wp\/v2\/posts\/4418\/revisions"}],"predecessor-version":[{"id":4419,"href":"https:\/\/elrotativo.com.mx\/portal\/wp-json\/wp\/v2\/posts\/4418\/revisions\/4419"}],"wp:featuredmedia":[{"embeddable":true,"href":"https:\/\/elrotativo.com.mx\/portal\/wp-json\/wp\/v2\/media\/4368"}],"wp:attachment":[{"href":"https:\/\/elrotativo.com.mx\/portal\/wp-json\/wp\/v2\/media?parent=4418"}],"wp:term":[{"taxonomy":"category","embeddable":true,"href":"https:\/\/elrotativo.com.mx\/portal\/wp-json\/wp\/v2\/categories?post=4418"},{"taxonomy":"post_tag","embeddable":true,"href":"https:\/\/elrotativo.com.mx\/portal\/wp-json\/wp\/v2\/tags?post=4418"}],"curies":[{"name":"wp","href":"https:\/\/api.w.org\/{rel}","templated":true}]}}