{"id":4412,"date":"2022-08-01T08:52:04","date_gmt":"2022-08-01T13:52:04","guid":{"rendered":"https:\/\/elrotativo.mx\/portal\/?p=4412"},"modified":"2022-08-01T08:52:05","modified_gmt":"2022-08-01T13:52:05","slug":"aumento-el-dano-visual-por-uso-de-dispositivos-moviles","status":"publish","type":"post","link":"https:\/\/elrotativo.com.mx\/portal\/aumento-el-dano-visual-por-uso-de-dispositivos-moviles\/","title":{"rendered":"Aument\u00f3 el da\u00f1o visual por uso de dispositivos m\u00f3viles\u00a0"},"content":{"rendered":"\n<p>Orizaba, Ver.- De acuerdo con el presidente de la Organizaci\u00f3n Internacional para el Fomento Econ\u00f3mico y Social (Oifes) Farley Valenzuela Espinosa, se ha tenido un importante incremento en la solicitud de apoyos para lentes, por lo que refleja el grave da\u00f1o visual que ha dejado la pandemia.<\/p>\n\n\n\n<p>Coment\u00f3 que los efectos postpandemia si son serios y estos males principalmente han sido causados por el uso de aparatos electr\u00f3nicos.<\/p>\n\n\n\n<p>De la misma manera detall\u00f3 que las enfermedades de la salud visual se han incrementado entre la poblaci\u00f3n de todas las edades, principalmente por el uso de dispositivos electr\u00f3nicos, los cuales generan resequedad en los ojos y problemas de astigmatismo entre otros.<\/p>\n\n\n\n<p>\u201cF\u00edjate que si ha aumentado y no s\u00f3lo es postpandemia, sino tambi\u00e9n existe mucha resequedad que est\u00e1n sufriendo las personas en la vista, el lagrimal de tardar ocho segundos de lubricaci\u00f3n y ahora es menos, hay muchas personas con los ojos irritados, gente con m\u00e1s astigmatismo\u201d.<\/p>\n\n\n\n<p>Por eso dijo que hay fundaciones u organizaciones que est\u00e1n trabajando en campa\u00f1as visuales cada mes en diferentes municipios donde se entregan lentes a bajo costo, pues saben que la econom\u00eda es grave entre las familias y estas optan por encontrar lugares donde obtengan lo que quieren a un precio accesible.<\/p>\n\n\n\n<p>Admiti\u00f3 que ante el uso de las computadoras, pantallas, celulares el da\u00f1o en la vista ha aumentado de ah\u00ed que se registre una gran necesidad. Coment\u00f3 que como empresarios entienden que hay una econom\u00eda pulverizada y se debe apoyar a las familias que buscan lugares donde se les puede ayudar a precios m\u00e1s econ\u00f3micos y cubrir esa necesidad qu\u00e9 es elemental.<\/p>\n","protected":false},"excerpt":{"rendered":"<p>Orizaba, Ver.- De acuerdo con el presidente de la Organizaci\u00f3n Internacional para el Fomento Econ\u00f3mico y Social (Oifes) Farley Valenzuela Espinosa, se ha tenido un importante incremento en la solicitud de apoyos para lentes, por lo que refleja el grave da\u00f1o visual que ha dejado la pandemia. Coment\u00f3 que los efectos postpandemia si son serios [&hellip;]<\/p>\n","protected":false},"author":4,"featured_media":4364,"comment_status":"open","ping_status":"open","sticky":false,"template":"","format":"standard","meta":{"rop_custom_images_group":[],"rop_custom_messages_group":[],"rop_publish_now":"initial","rop_publish_now_accounts":{"facebook_2001103103558832_1797403930571497":""},"rop_publish_now_history":[],"rop_publish_now_status":"pending","tdm_status":"","tdm_grid_status":"","footnotes":""},"categories":[10],"tags":[],"class_list":{"0":"post-4412","1":"post","2":"type-post","3":"status-publish","4":"format-standard","5":"has-post-thumbnail","7":"category-local-regional"},"_links":{"self":[{"href":"https:\/\/elrotativo.com.mx\/portal\/wp-json\/wp\/v2\/posts\/4412","targetHints":{"allow":["GET"]}}],"collection":[{"href":"https:\/\/elrotativo.com.mx\/portal\/wp-json\/wp\/v2\/posts"}],"about":[{"href":"https:\/\/elrotativo.com.mx\/portal\/wp-json\/wp\/v2\/types\/post"}],"author":[{"embeddable":true,"href":"https:\/\/elrotativo.com.mx\/portal\/wp-json\/wp\/v2\/users\/4"}],"replies":[{"embeddable":true,"href":"https:\/\/elrotativo.com.mx\/portal\/wp-json\/wp\/v2\/comments?post=4412"}],"version-history":[{"count":1,"href":"https:\/\/elrotativo.com.mx\/portal\/wp-json\/wp\/v2\/posts\/4412\/revisions"}],"predecessor-version":[{"id":4413,"href":"https:\/\/elrotativo.com.mx\/portal\/wp-json\/wp\/v2\/posts\/4412\/revisions\/4413"}],"wp:featuredmedia":[{"embeddable":true,"href":"https:\/\/elrotativo.com.mx\/portal\/wp-json\/wp\/v2\/media\/4364"}],"wp:attachment":[{"href":"https:\/\/elrotativo.com.mx\/portal\/wp-json\/wp\/v2\/media?parent=4412"}],"wp:term":[{"taxonomy":"category","embeddable":true,"href":"https:\/\/elrotativo.com.mx\/portal\/wp-json\/wp\/v2\/categories?post=4412"},{"taxonomy":"post_tag","embeddable":true,"href":"https:\/\/elrotativo.com.mx\/portal\/wp-json\/wp\/v2\/tags?post=4412"}],"curies":[{"name":"wp","href":"https:\/\/api.w.org\/{rel}","templated":true}]}}