{"id":4406,"date":"2022-08-01T08:43:51","date_gmt":"2022-08-01T13:43:51","guid":{"rendered":"https:\/\/elrotativo.mx\/portal\/?p=4406"},"modified":"2022-08-01T08:43:53","modified_gmt":"2022-08-01T13:43:53","slug":"elecciones-internas-de-morena-anulan-centros-de-votacion-en-zongolica-y-nautla","status":"publish","type":"post","link":"https:\/\/elrotativo.com.mx\/portal\/elecciones-internas-de-morena-anulan-centros-de-votacion-en-zongolica-y-nautla\/","title":{"rendered":"Elecciones internas de Morena: anulan centros de votaci\u00f3n en Zongolica y Nautla"},"content":{"rendered":"\n<p>Xalapa, Ver.-&nbsp; El delegado con funciones de presidente del Comit\u00e9 Ejecutivo estatal de Morena Esteban Ram\u00edrez Zepeta, inform\u00f3 que, debido a diversos hechos, de 47 centros de votaci\u00f3n en el estado, dos fueron anulados, uno en Zongolica y otro en Nautla.<\/p>\n\n\n\n<p>En entrevista coment\u00f3 que, en el caso de Zongolica, tomaron las urnas y los votos fueron quemados,&nbsp; mientras que en Nautla, un diputado federal se meti\u00f3 en el espacio donde estaba restringido, abri\u00f3 las urnas y tir\u00f3 las papeletas.<\/p>\n\n\n\n<p>\u00abEl caso m\u00e1s sobresaliente fue en Zongolica, ah\u00ed nos tomaron la urna, quemaron los votos y eso se tiene que anular el centro de votaci\u00f3n. En el caso de Zongolica, ah\u00ed se pusieron dos centros de votaci\u00f3n uno en Zongolica y otro en Ciudad Mendoza\u00bb.<\/p>\n\n\n\n<p>\u00abY no hay certeza para cortar los votos, y ese centro de votaci\u00f3n qued\u00f3 anulado. De 47 centros de votaci\u00f3n se anularon dos.<\/p>\n\n\n\n<p>Aclar\u00f3 que en Tantoyuca la jornada fue \u00absalvada\u00bb, y los votos ni las urnas fueron violentadas.<\/p>\n\n\n\n<p>\u00abHubo otros hechos, se pudo salvar el proceso de la jornada en Tantoyuca y afortunadamente ese centro no se anul\u00f3. Las urnas ni los votos fueron violentados\u00bb.<\/p>\n\n\n\n<p>En Minatitl\u00e1n, explic\u00f3 que \u00abhubo una incidencia con una diputada local, afortunadamente la ciudadan\u00eda apoy\u00f3 a la mesa directiva y continu\u00f3 la votaci\u00f3n\u00bb.<\/p>\n","protected":false},"excerpt":{"rendered":"<p>Xalapa, Ver.-&nbsp; El delegado con funciones de presidente del Comit\u00e9 Ejecutivo estatal de Morena Esteban Ram\u00edrez Zepeta, inform\u00f3 que, debido a diversos hechos, de 47 centros de votaci\u00f3n en el estado, dos fueron anulados, uno en Zongolica y otro en Nautla. En entrevista coment\u00f3 que, en el caso de Zongolica, tomaron las urnas y los [&hellip;]<\/p>\n","protected":false},"author":4,"featured_media":4381,"comment_status":"open","ping_status":"open","sticky":false,"template":"","format":"standard","meta":{"rop_custom_images_group":[],"rop_custom_messages_group":[],"rop_publish_now":"initial","rop_publish_now_accounts":{"facebook_2001103103558832_1797403930571497":""},"rop_publish_now_history":[],"rop_publish_now_status":"pending","tdm_status":"","tdm_grid_status":"","footnotes":""},"categories":[6],"tags":[],"class_list":{"0":"post-4406","1":"post","2":"type-post","3":"status-publish","4":"format-standard","5":"has-post-thumbnail","7":"category-estatal"},"_links":{"self":[{"href":"https:\/\/elrotativo.com.mx\/portal\/wp-json\/wp\/v2\/posts\/4406","targetHints":{"allow":["GET"]}}],"collection":[{"href":"https:\/\/elrotativo.com.mx\/portal\/wp-json\/wp\/v2\/posts"}],"about":[{"href":"https:\/\/elrotativo.com.mx\/portal\/wp-json\/wp\/v2\/types\/post"}],"author":[{"embeddable":true,"href":"https:\/\/elrotativo.com.mx\/portal\/wp-json\/wp\/v2\/users\/4"}],"replies":[{"embeddable":true,"href":"https:\/\/elrotativo.com.mx\/portal\/wp-json\/wp\/v2\/comments?post=4406"}],"version-history":[{"count":1,"href":"https:\/\/elrotativo.com.mx\/portal\/wp-json\/wp\/v2\/posts\/4406\/revisions"}],"predecessor-version":[{"id":4407,"href":"https:\/\/elrotativo.com.mx\/portal\/wp-json\/wp\/v2\/posts\/4406\/revisions\/4407"}],"wp:featuredmedia":[{"embeddable":true,"href":"https:\/\/elrotativo.com.mx\/portal\/wp-json\/wp\/v2\/media\/4381"}],"wp:attachment":[{"href":"https:\/\/elrotativo.com.mx\/portal\/wp-json\/wp\/v2\/media?parent=4406"}],"wp:term":[{"taxonomy":"category","embeddable":true,"href":"https:\/\/elrotativo.com.mx\/portal\/wp-json\/wp\/v2\/categories?post=4406"},{"taxonomy":"post_tag","embeddable":true,"href":"https:\/\/elrotativo.com.mx\/portal\/wp-json\/wp\/v2\/tags?post=4406"}],"curies":[{"name":"wp","href":"https:\/\/api.w.org\/{rel}","templated":true}]}}