{"id":3379,"date":"2022-07-07T00:43:56","date_gmt":"2022-07-07T05:43:56","guid":{"rendered":"https:\/\/elrotativo.mx\/portal\/?p=3379"},"modified":"2022-07-07T00:43:58","modified_gmt":"2022-07-07T05:43:58","slug":"asesino-de-alan-no-merece-vivir-diez","status":"publish","type":"post","link":"https:\/\/elrotativo.com.mx\/portal\/asesino-de-alan-no-merece-vivir-diez\/","title":{"rendered":"Asesino de Alan no merece vivir: Diez"},"content":{"rendered":"\n<p>Orizaba,&nbsp; Ver.- El alcalde Juan Manuel Diez conden\u00f3 el asesinato del ni\u00f1o orizabe\u00f1o de 12 a\u00f1os identificado como Alan, asegurando que a quienes atenten contra la vida de un menor no se le deben dar abrazos, sino balazos, pues no merece vivir.<\/p>\n\n\n\n<p>El edil asegur\u00f3 que aun y cuando su forma de expresarse pudiera causar controversia y una acusaci\u00f3n ante Derechos humanos, asegur\u00f3 que su trabajo es proteger a los ciudadanos y cuando una persona de este tipo, psic\u00f3pata, loco y algunos otros calificativos, mata a un menor, merece quedarse de por vida en la c\u00e1rcel pues nadie puede atentar en contra de los ni\u00f1os sin llevarse un castigo.<\/p>\n\n\n\n<p>\u201ccuando hay un animal de este tipo, un psic\u00f3pata, loco y est\u00fapido a ese, a ese&nbsp;no le voy a dar abrazos, le voy a dar balazos, le voy a ordenar a la polic\u00eda que le d\u00e9 balazos, ese no merece vivir.<\/p>\n\n\n\n<p>En entrevista en su propia televisora, el alcalde expres\u00f3 que&nbsp;quien asesina a un ni\u00f1o de esa forma no merece vivir: \u201cs\u00e9 que&nbsp;me pueden acusar en derechos humanos la gente y todo eso pero no, yo estoy para proteger a los ciudadanos, a los ciudadanos de bien y ese ni\u00f1o merec\u00eda vivir\u201d.<\/p>\n\n\n\n<p>Se congratul\u00f3 de que el presunto asesino ya est\u00e9 preso: \u201ceste animal gracias a Dios est\u00e1 detenido, se va a pudrir en la c\u00e1rcel, nadie puede atentar contra los ni\u00f1os y contra las personas sin llevar un castigo\u201d.<\/p>\n\n\n\n<p>Es de mencionar que el lunes pasado, Alan, un ni\u00f1o de 12 a\u00f1os muri\u00f3 asesinado por Luis \u00c1ngel \u201cN\u201d, quien lo golpe\u00f3 con un pico de construcci\u00f3n en la cabeza. La madre del menor result\u00f3 gravemente herida.<\/p>\n","protected":false},"excerpt":{"rendered":"<p>Orizaba,&nbsp; Ver.- El alcalde Juan Manuel Diez conden\u00f3 el asesinato del ni\u00f1o orizabe\u00f1o de 12 a\u00f1os identificado como Alan, asegurando que a quienes atenten contra la vida de un menor no se le deben dar abrazos, sino balazos, pues no merece vivir. El edil asegur\u00f3 que aun y cuando su forma de expresarse pudiera causar [&hellip;]<\/p>\n","protected":false},"author":4,"featured_media":3380,"comment_status":"open","ping_status":"open","sticky":false,"template":"","format":"standard","meta":{"rop_custom_images_group":[],"rop_custom_messages_group":[],"rop_publish_now":"initial","rop_publish_now_accounts":{"facebook_2001103103558832_1797403930571497":""},"rop_publish_now_history":[],"rop_publish_now_status":"pending","tdm_status":"","tdm_grid_status":"","footnotes":""},"categories":[25],"tags":[],"class_list":{"0":"post-3379","1":"post","2":"type-post","3":"status-publish","4":"format-standard","5":"has-post-thumbnail","7":"category-destacada-1"},"_links":{"self":[{"href":"https:\/\/elrotativo.com.mx\/portal\/wp-json\/wp\/v2\/posts\/3379","targetHints":{"allow":["GET"]}}],"collection":[{"href":"https:\/\/elrotativo.com.mx\/portal\/wp-json\/wp\/v2\/posts"}],"about":[{"href":"https:\/\/elrotativo.com.mx\/portal\/wp-json\/wp\/v2\/types\/post"}],"author":[{"embeddable":true,"href":"https:\/\/elrotativo.com.mx\/portal\/wp-json\/wp\/v2\/users\/4"}],"replies":[{"embeddable":true,"href":"https:\/\/elrotativo.com.mx\/portal\/wp-json\/wp\/v2\/comments?post=3379"}],"version-history":[{"count":1,"href":"https:\/\/elrotativo.com.mx\/portal\/wp-json\/wp\/v2\/posts\/3379\/revisions"}],"predecessor-version":[{"id":3381,"href":"https:\/\/elrotativo.com.mx\/portal\/wp-json\/wp\/v2\/posts\/3379\/revisions\/3381"}],"wp:featuredmedia":[{"embeddable":true,"href":"https:\/\/elrotativo.com.mx\/portal\/wp-json\/wp\/v2\/media\/3380"}],"wp:attachment":[{"href":"https:\/\/elrotativo.com.mx\/portal\/wp-json\/wp\/v2\/media?parent=3379"}],"wp:term":[{"taxonomy":"category","embeddable":true,"href":"https:\/\/elrotativo.com.mx\/portal\/wp-json\/wp\/v2\/categories?post=3379"},{"taxonomy":"post_tag","embeddable":true,"href":"https:\/\/elrotativo.com.mx\/portal\/wp-json\/wp\/v2\/tags?post=3379"}],"curies":[{"name":"wp","href":"https:\/\/api.w.org\/{rel}","templated":true}]}}