{"id":3377,"date":"2022-07-07T00:39:50","date_gmt":"2022-07-07T05:39:50","guid":{"rendered":"https:\/\/elrotativo.mx\/portal\/?p=3377"},"modified":"2022-07-07T00:39:54","modified_gmt":"2022-07-07T05:39:54","slug":"dan-ultimo-adios-a-alan","status":"publish","type":"post","link":"https:\/\/elrotativo.com.mx\/portal\/dan-ultimo-adios-a-alan\/","title":{"rendered":"Dan \u00faltimo adi\u00f3s a Alan"},"content":{"rendered":"\n<p>Orizaba, Ver.- Una mujer, vecina de la Unidad Habitacional Ojo de Agua-Canacintra de la colonia Rafael Alvarado, enfundada en un vestido de color negro con flores azules, se despidi\u00f3 de manera emotiva del f\u00e9retro con el cuerpo inerte de Alan Fernando en su interior.<\/p>\n\n\n\n<p>La vecina se acerc\u00f3, con l\u00e1grimas en los ojos puso la mano derecha en el ata\u00fad y la otra hacia el coraz\u00f3n y le expres\u00f3: \u201cay mijito chulo, ve con Dios, mi ni\u00f1o\u201d. Bes\u00f3 la caja, se persign\u00f3 y se retir\u00f3.<\/p>\n\n\n\n<p>Cuadros como \u00e9ste se vivieron y sintieron la tarde de este mi\u00e9rcoles cuando el cortejo f\u00fanebre parti\u00f3 de la capilla del Inmaculado Coraz\u00f3n de Mar\u00eda al pante\u00f3n Juan de la Luz Enr\u00edquez.<\/p>\n\n\n\n<p>De esta manera, entre aplausos y sollozos, familiares, amigos y vecinos dieron el \u00faltimo adi\u00f3s a Alan Fernando, quien fue asesinado por la pareja sentimental de su madre, el pasado lunes en una vivienda de la unidad habitacional Ojo de Agua-Canacintra de Orizaba.<\/p>\n\n\n\n<p>Fue en punto de las 11:00 horas que el sacerdote Antol\u00edn Bernardi Castel\u00e1n, elev\u00f3 sus oraciones por el eterno descanso del peque\u00f1o al pie del altar de la capilla del Inmaculado Coraz\u00f3n de Mar\u00eda a escasos metros de donde el menor fuera atacado con un zapapico que le caus\u00f3 la muerte.<\/p>\n\n\n\n<p>Una vez concluida la eucarist\u00eda, entre aplausos y cantos, el ata\u00fad fue llevado en una carroza blanca por las calles, donde el peque\u00f1o Alan camin\u00f3 en innumerables ocasiones cuando se trasladaba a la zona centro de la ciudad para solicitar ayuda econ\u00f3mica, pues exist\u00eda el se\u00f1alamiento de que era explotado y v\u00edctima de violencia.<\/p>\n\n\n\n<p>Fue m\u00e1s de un centenar de personas las que acompa\u00f1aron el cuerpo del menor, con globos y flores en las manos pero tambi\u00e9n con la exigencia de justicia, lanzando consignas en las que ped\u00edan el inmediato esclarecimiento del infanticidio y se castigue con todo el peso de la ley a Luis \u00c1ngel, quien arrebat\u00f3 la vida del menor.<\/p>\n\n\n\n<p>Fueron decenas de ni\u00f1os, amigos y compa\u00f1eros de juegos del menor, as\u00ed como adultos quienes custodiaron el f\u00e9retro blanco&nbsp;en su camino al campo santo municipal.<\/p>\n\n\n\n<p>En el pante\u00f3n, amigos y familiares esperaban en el pasillo la carroza funeraria que llevaba a Alan a su \u00faltima morada, en este punto, los familiares restringieron el acceso a los medios, mientras Alan fue acompa\u00f1ado por sus seres queridos, amigos y vecinos que lo vieron crecer durante 5 a\u00f1os que fueron los que vivi\u00f3 en la Unidad Habitacional.<\/p>\n","protected":false},"excerpt":{"rendered":"<p>Orizaba, Ver.- Una mujer, vecina de la Unidad Habitacional Ojo de Agua-Canacintra de la colonia Rafael Alvarado, enfundada en un vestido de color negro con flores azules, se despidi\u00f3 de manera emotiva del f\u00e9retro con el cuerpo inerte de Alan Fernando en su interior. La vecina se acerc\u00f3, con l\u00e1grimas en los ojos puso la [&hellip;]<\/p>\n","protected":false},"author":4,"featured_media":3367,"comment_status":"open","ping_status":"open","sticky":false,"template":"","format":"standard","meta":{"rop_custom_images_group":[],"rop_custom_messages_group":[],"rop_publish_now":"initial","rop_publish_now_accounts":{"facebook_2001103103558832_1797403930571497":""},"rop_publish_now_history":[],"rop_publish_now_status":"pending","tdm_status":"","tdm_grid_status":"","footnotes":""},"categories":[26],"tags":[],"class_list":{"0":"post-3377","1":"post","2":"type-post","3":"status-publish","4":"format-standard","5":"has-post-thumbnail","7":"category-destacada-4"},"_links":{"self":[{"href":"https:\/\/elrotativo.com.mx\/portal\/wp-json\/wp\/v2\/posts\/3377","targetHints":{"allow":["GET"]}}],"collection":[{"href":"https:\/\/elrotativo.com.mx\/portal\/wp-json\/wp\/v2\/posts"}],"about":[{"href":"https:\/\/elrotativo.com.mx\/portal\/wp-json\/wp\/v2\/types\/post"}],"author":[{"embeddable":true,"href":"https:\/\/elrotativo.com.mx\/portal\/wp-json\/wp\/v2\/users\/4"}],"replies":[{"embeddable":true,"href":"https:\/\/elrotativo.com.mx\/portal\/wp-json\/wp\/v2\/comments?post=3377"}],"version-history":[{"count":1,"href":"https:\/\/elrotativo.com.mx\/portal\/wp-json\/wp\/v2\/posts\/3377\/revisions"}],"predecessor-version":[{"id":3378,"href":"https:\/\/elrotativo.com.mx\/portal\/wp-json\/wp\/v2\/posts\/3377\/revisions\/3378"}],"wp:featuredmedia":[{"embeddable":true,"href":"https:\/\/elrotativo.com.mx\/portal\/wp-json\/wp\/v2\/media\/3367"}],"wp:attachment":[{"href":"https:\/\/elrotativo.com.mx\/portal\/wp-json\/wp\/v2\/media?parent=3377"}],"wp:term":[{"taxonomy":"category","embeddable":true,"href":"https:\/\/elrotativo.com.mx\/portal\/wp-json\/wp\/v2\/categories?post=3377"},{"taxonomy":"post_tag","embeddable":true,"href":"https:\/\/elrotativo.com.mx\/portal\/wp-json\/wp\/v2\/tags?post=3377"}],"curies":[{"name":"wp","href":"https:\/\/api.w.org\/{rel}","templated":true}]}}