{"id":3323,"date":"2022-07-06T01:00:27","date_gmt":"2022-07-06T06:00:27","guid":{"rendered":"https:\/\/elrotativo.mx\/portal\/?p=3323"},"modified":"2022-07-06T01:00:54","modified_gmt":"2022-07-06T06:00:54","slug":"despues-de-28-horas-entregan-cuerpo-de-alan","status":"publish","type":"post","link":"https:\/\/elrotativo.com.mx\/portal\/despues-de-28-horas-entregan-cuerpo-de-alan\/","title":{"rendered":"Despu\u00e9s de 28 horas, entregan cuerpo de Alan"},"content":{"rendered":"\n<p><strong>*Lo velan en <\/strong><strong>la capilla del Inmaculado Coraz\u00f3n de Mar\u00eda de la Rafael Alvarado<\/strong><strong><\/strong><\/p>\n\n\n\n<p>Orizaba, Ver.- Despu\u00e9s de 28 horas, el cuerpo de Alan Fernando arrib\u00f3 a la capilla del Inmaculado Coraz\u00f3n de Mar\u00eda, donde es velado por sus familiares, amigos y vecinos. En medio de l\u00e1grimas, el f\u00e9retro blanco arrib\u00f3 con el cuerpo del ni\u00f1o. A un lado, ven\u00eda la t\u00eda y vecinos quienes efectuaron los rosarios para pedir por su eterno descanso.<\/p>\n\n\n\n<p>Mientras en la casa marcada con el n\u00famero 29 de la Unidad Habitacional Ojo de Agua-Canacintra de la colonia Rafael Alvarado de Orizaba, d\u00f3nde viv\u00eda el peque\u00f1o Alan, la cual est\u00e1 sellada por la Fiscal\u00eda c\u00f3mo escena del crimen, se instal\u00f3 un altar. Globos blancos, arreglos florales y dos dibujos a l\u00e1piz de colores donde se observan figuras de una familia; tal vez, la que siempre quiso tener el menor.<\/p>\n\n\n\n<p>En la vivienda se pueden observar dos manos en pintura roja, que en unas de sus tanta travesuras de ni\u00f1o, Alan dej\u00f3 impresas.<\/p>\n\n\n\n<p>Resaltan sendas cintas amarillas de la Fiscal\u00eda para evitar ingresar al inmueble. Los vecinos pasan. Observan y se persignan. Nadie se imaginaba que en esa casa ubicada en una esquina del retorno 2, un ni\u00f1o habr\u00eda de morir.<\/p>\n\n\n\n<p>Se dijo que Alan Fernando Ortega Regino a sus 12 a\u00f1os sufr\u00eda de depresi\u00f3n. Esa enfermedad se acent\u00fao despu\u00e9s de que el DIF lo reintegr\u00f3 con su mam\u00e1. Viv\u00eda entre la tristeza y la desesperaci\u00f3n. Ten\u00eda unos mu\u00f1ecos de los que se quer\u00eda deshacer porque dec\u00eda que ya nunca volver\u00eda a jugar.<\/p>\n\n\n\n<p>El repicar de las campanas, llam\u00f3 a la feligres\u00eda para acompa\u00f1ar el cuerpo de Alan. En esta misma capilla, se ofrecer\u00e1 una misa de cuerpo presente. Ser\u00e1 este mi\u00e9rcoles cuando se sepulte en el pante\u00f3n Juan de la Luz Enr\u00edquez a las 11:00 horas.<\/p>\n","protected":false},"excerpt":{"rendered":"<p>*Lo velan en la capilla del Inmaculado Coraz\u00f3n de Mar\u00eda de la Rafael Alvarado Orizaba, Ver.- Despu\u00e9s de 28 horas, el cuerpo de Alan Fernando arrib\u00f3 a la capilla del Inmaculado Coraz\u00f3n de Mar\u00eda, donde es velado por sus familiares, amigos y vecinos. En medio de l\u00e1grimas, el f\u00e9retro blanco arrib\u00f3 con el cuerpo del [&hellip;]<\/p>\n","protected":false},"author":4,"featured_media":3324,"comment_status":"open","ping_status":"open","sticky":false,"template":"","format":"standard","meta":{"rop_custom_images_group":[],"rop_custom_messages_group":[],"rop_publish_now":"initial","rop_publish_now_accounts":{"facebook_2001103103558832_1797403930571497":""},"rop_publish_now_history":[],"rop_publish_now_status":"pending","tdm_status":"","tdm_grid_status":"","footnotes":""},"categories":[26],"tags":[],"class_list":{"0":"post-3323","1":"post","2":"type-post","3":"status-publish","4":"format-standard","5":"has-post-thumbnail","7":"category-destacada-4"},"_links":{"self":[{"href":"https:\/\/elrotativo.com.mx\/portal\/wp-json\/wp\/v2\/posts\/3323","targetHints":{"allow":["GET"]}}],"collection":[{"href":"https:\/\/elrotativo.com.mx\/portal\/wp-json\/wp\/v2\/posts"}],"about":[{"href":"https:\/\/elrotativo.com.mx\/portal\/wp-json\/wp\/v2\/types\/post"}],"author":[{"embeddable":true,"href":"https:\/\/elrotativo.com.mx\/portal\/wp-json\/wp\/v2\/users\/4"}],"replies":[{"embeddable":true,"href":"https:\/\/elrotativo.com.mx\/portal\/wp-json\/wp\/v2\/comments?post=3323"}],"version-history":[{"count":1,"href":"https:\/\/elrotativo.com.mx\/portal\/wp-json\/wp\/v2\/posts\/3323\/revisions"}],"predecessor-version":[{"id":3325,"href":"https:\/\/elrotativo.com.mx\/portal\/wp-json\/wp\/v2\/posts\/3323\/revisions\/3325"}],"wp:featuredmedia":[{"embeddable":true,"href":"https:\/\/elrotativo.com.mx\/portal\/wp-json\/wp\/v2\/media\/3324"}],"wp:attachment":[{"href":"https:\/\/elrotativo.com.mx\/portal\/wp-json\/wp\/v2\/media?parent=3323"}],"wp:term":[{"taxonomy":"category","embeddable":true,"href":"https:\/\/elrotativo.com.mx\/portal\/wp-json\/wp\/v2\/categories?post=3323"},{"taxonomy":"post_tag","embeddable":true,"href":"https:\/\/elrotativo.com.mx\/portal\/wp-json\/wp\/v2\/tags?post=3323"}],"curies":[{"name":"wp","href":"https:\/\/api.w.org\/{rel}","templated":true}]}}