{"id":3304,"date":"2022-07-06T00:49:33","date_gmt":"2022-07-06T05:49:33","guid":{"rendered":"https:\/\/elrotativo.mx\/portal\/?p=3304"},"modified":"2022-07-06T00:49:36","modified_gmt":"2022-07-06T05:49:36","slug":"dif-se-lava-las-manos-tras-muerte-de-alan","status":"publish","type":"post","link":"https:\/\/elrotativo.com.mx\/portal\/dif-se-lava-las-manos-tras-muerte-de-alan\/","title":{"rendered":"DIF se lava las manos, tras muerte de Alan"},"content":{"rendered":"\n<p>Orizaba, Ver.- El presidente del DIF de Orizaba, Hugo Chah\u00edn Kuri, se lav\u00f3 las manos en torno al presunto caso de negligencia y omisi\u00f3n tras la muerte del ni\u00f1o Alan Fernando y responsabiliz\u00f3 a la Fiscal\u00eda para determinar la investigaci\u00f3n y determine lo que pas\u00f3, debido a que el organismo jam\u00e1s detect\u00f3 una figura paterna.<\/p>\n\n\n\n<p>Asegur\u00f3 que el personal del DIF hizo un buen trabajo con la familia de Alan y enterarse de la muerte del menor \u201ces algo que nos consterna a todos porque es una inc\u00f3gnita, entr\u00f3 un tercero en discordia, entonces me duele en el alma esta situaci\u00f3n y pues esa es la realidad\u201d.<\/p>\n\n\n\n<p>El funcionario dijo que a nadie le gusta ese tipo de noticias y que sin duda es muy triste por el tema de la mam\u00e1. \u201cSi hab\u00eda una relaci\u00f3n por parte del DIF con los dos, en este caso el ni\u00f1o era excelente persona y me duele en el alma\u201d.<\/p>\n\n\n\n<p>Record\u00f3 que el 29 de mayo, se present\u00f3 una denuncia ciudadana, una queja de que un ni\u00f1o dec\u00eda que lo obligaban a pedir dinero, \u201cacudi\u00f3 la Polic\u00eda Municipal posteriormente acudi\u00f3 el DIF y lo tuvimos en resguardo hasta el 3 de junio y \u00bfqu\u00e9 pas\u00f3?, que en ese lapso del DIF lo tuvo en resguardo, nosotros activamos todos los protocolos que se debieron haber activado en cualquier caso\u201d.<\/p>\n\n\n\n<p>Mencion\u00f3 que el personal de este organismo realiz\u00f3 una visita y el Psic\u00f3logo y el Procurador hicieron las entrevistas, \u201cy el resultado de la valoraci\u00f3n psicol\u00f3gica tanto de la mam\u00e1 como del propio ni\u00f1o sali\u00f3 que todo estaba en orden\u201d.<\/p>\n\n\n\n<p>Insisti\u00f3 en que era una familia de dos, \u201caqu\u00ed no hab\u00eda un pap\u00e1, el ni\u00f1o llevaba los apellidos de la mam\u00e1 y as\u00ed estaba registrado nunca hubo como tal una figura de un pap\u00e1\u201d.<\/p>\n\n\n\n<p>Apunt\u00f3 que despu\u00e9s de esos seis d\u00edas, se percataron que la mam\u00e1 no maltrataba al ni\u00f1o \u201cen esto quiero hacer mucho \u00e9nfasis, nadie maltrataba a este ni\u00f1o, no la mam\u00e1 y no el pap\u00e1 porque no exist\u00eda ninguna otra persona\u201d.<\/p>\n\n\n\n<p>Es por ello que dijo que le corresponde a la Fiscal\u00eda investigar porque no hab\u00eda un padre registrado.<\/p>\n","protected":false},"excerpt":{"rendered":"<p>Orizaba, Ver.- El presidente del DIF de Orizaba, Hugo Chah\u00edn Kuri, se lav\u00f3 las manos en torno al presunto caso de negligencia y omisi\u00f3n tras la muerte del ni\u00f1o Alan Fernando y responsabiliz\u00f3 a la Fiscal\u00eda para determinar la investigaci\u00f3n y determine lo que pas\u00f3, debido a que el organismo jam\u00e1s detect\u00f3 una figura paterna. [&hellip;]<\/p>\n","protected":false},"author":4,"featured_media":3305,"comment_status":"open","ping_status":"open","sticky":false,"template":"","format":"standard","meta":{"rop_custom_images_group":[],"rop_custom_messages_group":[],"rop_publish_now":"initial","rop_publish_now_accounts":{"facebook_2001103103558832_1797403930571497":""},"rop_publish_now_history":[],"rop_publish_now_status":"pending","tdm_status":"","tdm_grid_status":"","footnotes":""},"categories":[25],"tags":[],"class_list":{"0":"post-3304","1":"post","2":"type-post","3":"status-publish","4":"format-standard","5":"has-post-thumbnail","7":"category-destacada-1"},"_links":{"self":[{"href":"https:\/\/elrotativo.com.mx\/portal\/wp-json\/wp\/v2\/posts\/3304","targetHints":{"allow":["GET"]}}],"collection":[{"href":"https:\/\/elrotativo.com.mx\/portal\/wp-json\/wp\/v2\/posts"}],"about":[{"href":"https:\/\/elrotativo.com.mx\/portal\/wp-json\/wp\/v2\/types\/post"}],"author":[{"embeddable":true,"href":"https:\/\/elrotativo.com.mx\/portal\/wp-json\/wp\/v2\/users\/4"}],"replies":[{"embeddable":true,"href":"https:\/\/elrotativo.com.mx\/portal\/wp-json\/wp\/v2\/comments?post=3304"}],"version-history":[{"count":1,"href":"https:\/\/elrotativo.com.mx\/portal\/wp-json\/wp\/v2\/posts\/3304\/revisions"}],"predecessor-version":[{"id":3306,"href":"https:\/\/elrotativo.com.mx\/portal\/wp-json\/wp\/v2\/posts\/3304\/revisions\/3306"}],"wp:featuredmedia":[{"embeddable":true,"href":"https:\/\/elrotativo.com.mx\/portal\/wp-json\/wp\/v2\/media\/3305"}],"wp:attachment":[{"href":"https:\/\/elrotativo.com.mx\/portal\/wp-json\/wp\/v2\/media?parent=3304"}],"wp:term":[{"taxonomy":"category","embeddable":true,"href":"https:\/\/elrotativo.com.mx\/portal\/wp-json\/wp\/v2\/categories?post=3304"},{"taxonomy":"post_tag","embeddable":true,"href":"https:\/\/elrotativo.com.mx\/portal\/wp-json\/wp\/v2\/tags?post=3304"}],"curies":[{"name":"wp","href":"https:\/\/api.w.org\/{rel}","templated":true}]}}