{"id":3291,"date":"2022-07-05T00:42:19","date_gmt":"2022-07-05T05:42:19","guid":{"rendered":"https:\/\/elrotativo.mx\/portal\/?p=3291"},"modified":"2022-07-05T00:42:20","modified_gmt":"2022-07-05T05:42:20","slug":"convocan-a-marcha-por-desaparecido-de-rio-blanco","status":"publish","type":"post","link":"https:\/\/elrotativo.com.mx\/portal\/convocan-a-marcha-por-desaparecido-de-rio-blanco\/","title":{"rendered":"Convocan a marcha por desaparecido de R\u00edo Blanco"},"content":{"rendered":"\n<p>R\u00edo Blanco, Ver.- Familiares, amigos y vecinos de los municipios de R\u00edo Blanco y Nogales han convocado a una marcha para exigir la aparici\u00f3n con vida de Miguel \u00c1ngel Feria Gatica, quien desapareci\u00f3 el pasado 29 de junio.<\/p>\n\n\n\n<p>La cita es para hoy martes en punto de las 9:00 de la ma\u00f1ana en los l\u00edmites de R\u00edo Blanco y Nogales. Se han solicitado asistir con una playera blanca y cubrebocas de color negro.<\/p>\n\n\n\n<p>Cabe decir que fue el 29 de junio, cuando sujetos armados se llevaron a la fuerza al hombre de 36 a\u00f1os cuando se encontraba en el municipio de Nogales. A 5 d\u00edas, nadie sabe su paradero.<\/p>\n\n\n\n<p>Se supo de manera extraoficial, que la familia interpuso una denuncia ante la Fiscal\u00eda de Desaparecidos.<\/p>\n\n\n\n<p>Como se\u00f1a particular, Feria Gatica, tiene tatuajes en los brazos y en el cuello, adem\u00e1s de una cicatriz en la ceja y en la cabeza del lado izquierdo. Mide 1.78 metros, es tez morena clara, ojos caf\u00e9 claros y cabello negro lacio y corto.<\/p>\n","protected":false},"excerpt":{"rendered":"<p>R\u00edo Blanco, Ver.- Familiares, amigos y vecinos de los municipios de R\u00edo Blanco y Nogales han convocado a una marcha para exigir la aparici\u00f3n con vida de Miguel \u00c1ngel Feria Gatica, quien desapareci\u00f3 el pasado 29 de junio. La cita es para hoy martes en punto de las 9:00 de la ma\u00f1ana en los l\u00edmites [&hellip;]<\/p>\n","protected":false},"author":4,"featured_media":3292,"comment_status":"open","ping_status":"open","sticky":false,"template":"","format":"standard","meta":{"rop_custom_images_group":[],"rop_custom_messages_group":[],"rop_publish_now":"initial","rop_publish_now_accounts":{"facebook_2001103103558832_1797403930571497":""},"rop_publish_now_history":[],"rop_publish_now_status":"pending","tdm_status":"","tdm_grid_status":"","footnotes":""},"categories":[26],"tags":[],"class_list":{"0":"post-3291","1":"post","2":"type-post","3":"status-publish","4":"format-standard","5":"has-post-thumbnail","7":"category-destacada-4"},"_links":{"self":[{"href":"https:\/\/elrotativo.com.mx\/portal\/wp-json\/wp\/v2\/posts\/3291","targetHints":{"allow":["GET"]}}],"collection":[{"href":"https:\/\/elrotativo.com.mx\/portal\/wp-json\/wp\/v2\/posts"}],"about":[{"href":"https:\/\/elrotativo.com.mx\/portal\/wp-json\/wp\/v2\/types\/post"}],"author":[{"embeddable":true,"href":"https:\/\/elrotativo.com.mx\/portal\/wp-json\/wp\/v2\/users\/4"}],"replies":[{"embeddable":true,"href":"https:\/\/elrotativo.com.mx\/portal\/wp-json\/wp\/v2\/comments?post=3291"}],"version-history":[{"count":1,"href":"https:\/\/elrotativo.com.mx\/portal\/wp-json\/wp\/v2\/posts\/3291\/revisions"}],"predecessor-version":[{"id":3293,"href":"https:\/\/elrotativo.com.mx\/portal\/wp-json\/wp\/v2\/posts\/3291\/revisions\/3293"}],"wp:featuredmedia":[{"embeddable":true,"href":"https:\/\/elrotativo.com.mx\/portal\/wp-json\/wp\/v2\/media\/3292"}],"wp:attachment":[{"href":"https:\/\/elrotativo.com.mx\/portal\/wp-json\/wp\/v2\/media?parent=3291"}],"wp:term":[{"taxonomy":"category","embeddable":true,"href":"https:\/\/elrotativo.com.mx\/portal\/wp-json\/wp\/v2\/categories?post=3291"},{"taxonomy":"post_tag","embeddable":true,"href":"https:\/\/elrotativo.com.mx\/portal\/wp-json\/wp\/v2\/tags?post=3291"}],"curies":[{"name":"wp","href":"https:\/\/api.w.org\/{rel}","templated":true}]}}