{"id":3280,"date":"2022-07-05T00:32:08","date_gmt":"2022-07-05T05:32:08","guid":{"rendered":"https:\/\/elrotativo.mx\/portal\/?p=3280"},"modified":"2022-07-05T00:32:09","modified_gmt":"2022-07-05T05:32:09","slug":"supervisa-siop-y-sict-danos-carreteros-en-mixtla-de-altamirano","status":"publish","type":"post","link":"https:\/\/elrotativo.com.mx\/portal\/supervisa-siop-y-sict-danos-carreteros-en-mixtla-de-altamirano\/","title":{"rendered":"Supervisa SIOP y SICT, da\u00f1os carreteros en Mixtla de Altamirano"},"content":{"rendered":"\n<p>Mixtla de Altamirano, Ver.- Ante las serias afectaciones que las precipitaciones pluviales dejaron por su paso en la zona monta\u00f1osa y el riesgo de que al menos 15 mil habitantes de nueve comunidades de la zona baja del municipio de Mixtla de Altamirano queden incomunicados, las autoridades federales y estatales iniciaron el lunes el estudio de factibilidad para evitar que se desplome la carretera.<\/p>\n\n\n\n<p>Personal de la Secretar\u00eda de Infraestructura, Comunicaciones y Transportes (SICT) as\u00ed como de la Secretar\u00eda de Infraestructura y Obras P\u00fablicas (SIOP) arrib\u00f3 a la cabecera municipal para evaluar los da\u00f1os.<\/p>\n\n\n\n<p>Acompa\u00f1ados de las autoridades municipales, los funcionarios acudieron a la comunidad de Xochitla a donde gran parte del tramo se est\u00e1 yendo al precipicio y podr\u00eda afectar a m\u00e1s de tres mil familias de nueve comunidades aparte las que colindan con el municipio de Zongolica.<\/p>\n\n\n\n<p>Por su parte el titular del \u00e1rea de Planeaci\u00f3n de la SIOP, Adolfo Aguilar detall\u00f3 que el trabajo que realizan consiste en hacer una evaluaci\u00f3n de da\u00f1os en los caminos afectados, as\u00ed como para estar enterados de cu\u00e1les fueron las dimensiones de este fen\u00f3meno natural y de ah\u00ed hacer un an\u00e1lisis de qu\u00e9 se puede hacer para evitar que se desplome.<\/p>\n\n\n\n<p>Asegur\u00f3 que de emitirse la declaratoria de emergencias, se podr\u00e1 actuar inmediatamente y darle atenci\u00f3n no s\u00f3lo a este tramo carretero sino tambi\u00e9n a los afectados en Zongolica y Las Choapas.<\/p>\n","protected":false},"excerpt":{"rendered":"<p>Mixtla de Altamirano, Ver.- Ante las serias afectaciones que las precipitaciones pluviales dejaron por su paso en la zona monta\u00f1osa y el riesgo de que al menos 15 mil habitantes de nueve comunidades de la zona baja del municipio de Mixtla de Altamirano queden incomunicados, las autoridades federales y estatales iniciaron el lunes el estudio [&hellip;]<\/p>\n","protected":false},"author":4,"featured_media":3281,"comment_status":"open","ping_status":"open","sticky":false,"template":"","format":"standard","meta":{"rop_custom_images_group":[],"rop_custom_messages_group":[],"rop_publish_now":"initial","rop_publish_now_accounts":{"facebook_2001103103558832_1797403930571497":""},"rop_publish_now_history":[],"rop_publish_now_status":"pending","tdm_status":"","tdm_grid_status":"","footnotes":""},"categories":[10],"tags":[],"class_list":{"0":"post-3280","1":"post","2":"type-post","3":"status-publish","4":"format-standard","5":"has-post-thumbnail","7":"category-local-regional"},"_links":{"self":[{"href":"https:\/\/elrotativo.com.mx\/portal\/wp-json\/wp\/v2\/posts\/3280","targetHints":{"allow":["GET"]}}],"collection":[{"href":"https:\/\/elrotativo.com.mx\/portal\/wp-json\/wp\/v2\/posts"}],"about":[{"href":"https:\/\/elrotativo.com.mx\/portal\/wp-json\/wp\/v2\/types\/post"}],"author":[{"embeddable":true,"href":"https:\/\/elrotativo.com.mx\/portal\/wp-json\/wp\/v2\/users\/4"}],"replies":[{"embeddable":true,"href":"https:\/\/elrotativo.com.mx\/portal\/wp-json\/wp\/v2\/comments?post=3280"}],"version-history":[{"count":1,"href":"https:\/\/elrotativo.com.mx\/portal\/wp-json\/wp\/v2\/posts\/3280\/revisions"}],"predecessor-version":[{"id":3282,"href":"https:\/\/elrotativo.com.mx\/portal\/wp-json\/wp\/v2\/posts\/3280\/revisions\/3282"}],"wp:featuredmedia":[{"embeddable":true,"href":"https:\/\/elrotativo.com.mx\/portal\/wp-json\/wp\/v2\/media\/3281"}],"wp:attachment":[{"href":"https:\/\/elrotativo.com.mx\/portal\/wp-json\/wp\/v2\/media?parent=3280"}],"wp:term":[{"taxonomy":"category","embeddable":true,"href":"https:\/\/elrotativo.com.mx\/portal\/wp-json\/wp\/v2\/categories?post=3280"},{"taxonomy":"post_tag","embeddable":true,"href":"https:\/\/elrotativo.com.mx\/portal\/wp-json\/wp\/v2\/tags?post=3280"}],"curies":[{"name":"wp","href":"https:\/\/api.w.org\/{rel}","templated":true}]}}