{"id":3274,"date":"2022-07-05T00:25:16","date_gmt":"2022-07-05T05:25:16","guid":{"rendered":"https:\/\/elrotativo.mx\/portal\/?p=3274"},"modified":"2022-07-05T00:25:18","modified_gmt":"2022-07-05T05:25:18","slug":"bosque-de-galeria-en-riesgo-de-extinguirse-conanp","status":"publish","type":"post","link":"https:\/\/elrotativo.com.mx\/portal\/bosque-de-galeria-en-riesgo-de-extinguirse-conanp\/","title":{"rendered":"Bosque de Galer\u00eda en riesgo de extinguirse: Conanp"},"content":{"rendered":"\n<p>Orizaba, Ver.- A pesar de que el Bosque de Galer\u00eda ubicado en el Ca\u00f1\u00f3n del R\u00edo Blanco cuenta con 2 mil 4 espec\u00edmenes en los 5 municipios que abarca convirti\u00e9ndolo en el m\u00e1s grande del pa\u00eds, se tiene un problema y es que de acuerdo con estudios que se han realizado, no tiene regeneraci\u00f3n, lo cual es preocupante porque no hay renuevo de arbolado, lament\u00f3 el repres\u00e9ntate de la Comisi\u00f3n Nacional de \u00c1reas Naturales Protegidas (Conanp) No\u00e9 Hern\u00e1ndez Garc\u00eda.<\/p>\n\n\n\n<p>En entrevista, expuso que de ah\u00ed la importancia de concientizar a la poblaci\u00f3n para que los cuide, pues aunque en este bosque los ejemplares tienen entre 300 y 400 a\u00f1os y tienen una buena envergadura que ha mostrado su resiliencia al soportar los cambios que hay, se deben preservar pues a mediano o largo plazo pudiera estar en crisis.<\/p>\n\n\n\n<p>Y es que de acuerdo con algunos estudios, en ambos lados de la ribera en el Ca\u00f1\u00f3n del R\u00edo Blanco, se contabilizan un total de 2 mil 4 \u00e1rboles de ahuehuetes entre maduros, juveniles y pl\u00e1ntulas, siendo en el municipio de Camerino Z. Mendoza en donde se tiene el mayor n\u00famero con 942 espec\u00edmenes; Nogales con 449; Huiloapan 304; Soledad Atzompa con 256; Acultzingo con 47 y R\u00edo Blanco con seis.<\/p>\n\n\n\n<p>Y es que de este n\u00famero de \u00e1rboles se estima que el 84 por ciento est\u00e1 en buenas condiciones f\u00edsicas, sin embargo el 16 presenta da\u00f1os como quemaduras en el fuste, infestaci\u00f3n por alguna Loranthacea, \u00e1rboles despuntados, derramados y muertos.<\/p>\n","protected":false},"excerpt":{"rendered":"<p>Orizaba, Ver.- A pesar de que el Bosque de Galer\u00eda ubicado en el Ca\u00f1\u00f3n del R\u00edo Blanco cuenta con 2 mil 4 espec\u00edmenes en los 5 municipios que abarca convirti\u00e9ndolo en el m\u00e1s grande del pa\u00eds, se tiene un problema y es que de acuerdo con estudios que se han realizado, no tiene regeneraci\u00f3n, lo [&hellip;]<\/p>\n","protected":false},"author":4,"featured_media":3254,"comment_status":"open","ping_status":"open","sticky":false,"template":"","format":"standard","meta":{"rop_custom_images_group":[],"rop_custom_messages_group":[],"rop_publish_now":"initial","rop_publish_now_accounts":{"facebook_2001103103558832_1797403930571497":""},"rop_publish_now_history":[],"rop_publish_now_status":"pending","tdm_status":"","tdm_grid_status":"","footnotes":""},"categories":[10],"tags":[],"class_list":{"0":"post-3274","1":"post","2":"type-post","3":"status-publish","4":"format-standard","5":"has-post-thumbnail","7":"category-local-regional"},"_links":{"self":[{"href":"https:\/\/elrotativo.com.mx\/portal\/wp-json\/wp\/v2\/posts\/3274","targetHints":{"allow":["GET"]}}],"collection":[{"href":"https:\/\/elrotativo.com.mx\/portal\/wp-json\/wp\/v2\/posts"}],"about":[{"href":"https:\/\/elrotativo.com.mx\/portal\/wp-json\/wp\/v2\/types\/post"}],"author":[{"embeddable":true,"href":"https:\/\/elrotativo.com.mx\/portal\/wp-json\/wp\/v2\/users\/4"}],"replies":[{"embeddable":true,"href":"https:\/\/elrotativo.com.mx\/portal\/wp-json\/wp\/v2\/comments?post=3274"}],"version-history":[{"count":1,"href":"https:\/\/elrotativo.com.mx\/portal\/wp-json\/wp\/v2\/posts\/3274\/revisions"}],"predecessor-version":[{"id":3275,"href":"https:\/\/elrotativo.com.mx\/portal\/wp-json\/wp\/v2\/posts\/3274\/revisions\/3275"}],"wp:featuredmedia":[{"embeddable":true,"href":"https:\/\/elrotativo.com.mx\/portal\/wp-json\/wp\/v2\/media\/3254"}],"wp:attachment":[{"href":"https:\/\/elrotativo.com.mx\/portal\/wp-json\/wp\/v2\/media?parent=3274"}],"wp:term":[{"taxonomy":"category","embeddable":true,"href":"https:\/\/elrotativo.com.mx\/portal\/wp-json\/wp\/v2\/categories?post=3274"},{"taxonomy":"post_tag","embeddable":true,"href":"https:\/\/elrotativo.com.mx\/portal\/wp-json\/wp\/v2\/tags?post=3274"}],"curies":[{"name":"wp","href":"https:\/\/api.w.org\/{rel}","templated":true}]}}