{"id":3075,"date":"2022-06-29T01:04:25","date_gmt":"2022-06-29T06:04:25","guid":{"rendered":"https:\/\/elrotativo.mx\/portal\/?p=3075"},"modified":"2022-06-29T01:05:45","modified_gmt":"2022-06-29T06:05:45","slug":"hay-subregistro-de-casos-de-menores-contagiados-de-covid-19","status":"publish","type":"post","link":"https:\/\/elrotativo.com.mx\/portal\/hay-subregistro-de-casos-de-menores-contagiados-de-covid-19\/","title":{"rendered":"Hay subregistro de casos de menores contagiados de COVID 19"},"content":{"rendered":"\n<p>Orizaba, Ver.- Para el pediatra Alejandro Pimentel Dom\u00ednguez, existe un subregistro de menores con s\u00edntomas similares al COID 19 y esto ocurre porque no hay pruebas sistem\u00e1ticas.<\/p>\n\n\n\n<p>Explic\u00f3 que durante la cuarta oleada, el nivel de casos en ni\u00f1os fue muy alto, pr\u00e1cticamente igual que en el resto de la poblaci\u00f3n y actualmente, aunque s\u00ed llegan casos de poblaci\u00f3n infantil que presenta los s\u00edntomas, \u00e9stos son menos intensos, por lo que el malestar es menor.<\/p>\n\n\n\n<p>El especialista explic\u00f3 que cuando en una familia hay casos de la enfermedad se hace la prueba al padre y la madre, sobre todo porque tienen que llevar las constancias correspondientes a nivel laboral para justificar sus inasistencias, pero no sucede con los ni\u00f1os de la misma manera, entonces aunque se considera que los hijos tienen COVID-19, quedan subregistrados.<\/p>\n\n\n\n<p>\u201cLo que estamos teniendo ahorita es que la gente puede acceder a pruebas m\u00e1s f\u00e1cilmente, entonces se dan cuenta si salen positivos, pero lamentablemente a los menores no se las hacen, entonces se sigue teniendo un subregistro en la poblaci\u00f3n pedi\u00e1trica\u201d.<\/p>\n\n\n\n<p>Cabe recordar que de acuerdo con cifras oficiales, el 27 de junio se hab\u00edan registrado en M\u00e9xico 3 mil 343 casos nuevos, con un promedio en siete d\u00edas de 12 mil 589 casos, mientras que a nivel mundial se reportaron 893 mil 371 casos nuevos, con un promedio en siete d\u00edas de 676 mil 56 casos.<\/p>\n","protected":false},"excerpt":{"rendered":"<p>Orizaba, Ver.- Para el pediatra Alejandro Pimentel Dom\u00ednguez, existe un subregistro de menores con s\u00edntomas similares al COID 19 y esto ocurre porque no hay pruebas sistem\u00e1ticas. Explic\u00f3 que durante la cuarta oleada, el nivel de casos en ni\u00f1os fue muy alto, pr\u00e1cticamente igual que en el resto de la poblaci\u00f3n y actualmente, aunque s\u00ed [&hellip;]<\/p>\n","protected":false},"author":4,"featured_media":3076,"comment_status":"open","ping_status":"open","sticky":false,"template":"","format":"standard","meta":{"rop_custom_images_group":[],"rop_custom_messages_group":[],"rop_publish_now":"initial","rop_publish_now_accounts":{"facebook_2001103103558832_1797403930571497":""},"rop_publish_now_history":[],"rop_publish_now_status":"pending","tdm_status":"","tdm_grid_status":"","footnotes":""},"categories":[26],"tags":[],"class_list":{"0":"post-3075","1":"post","2":"type-post","3":"status-publish","4":"format-standard","5":"has-post-thumbnail","7":"category-destacada-4"},"_links":{"self":[{"href":"https:\/\/elrotativo.com.mx\/portal\/wp-json\/wp\/v2\/posts\/3075","targetHints":{"allow":["GET"]}}],"collection":[{"href":"https:\/\/elrotativo.com.mx\/portal\/wp-json\/wp\/v2\/posts"}],"about":[{"href":"https:\/\/elrotativo.com.mx\/portal\/wp-json\/wp\/v2\/types\/post"}],"author":[{"embeddable":true,"href":"https:\/\/elrotativo.com.mx\/portal\/wp-json\/wp\/v2\/users\/4"}],"replies":[{"embeddable":true,"href":"https:\/\/elrotativo.com.mx\/portal\/wp-json\/wp\/v2\/comments?post=3075"}],"version-history":[{"count":2,"href":"https:\/\/elrotativo.com.mx\/portal\/wp-json\/wp\/v2\/posts\/3075\/revisions"}],"predecessor-version":[{"id":3078,"href":"https:\/\/elrotativo.com.mx\/portal\/wp-json\/wp\/v2\/posts\/3075\/revisions\/3078"}],"wp:featuredmedia":[{"embeddable":true,"href":"https:\/\/elrotativo.com.mx\/portal\/wp-json\/wp\/v2\/media\/3076"}],"wp:attachment":[{"href":"https:\/\/elrotativo.com.mx\/portal\/wp-json\/wp\/v2\/media?parent=3075"}],"wp:term":[{"taxonomy":"category","embeddable":true,"href":"https:\/\/elrotativo.com.mx\/portal\/wp-json\/wp\/v2\/categories?post=3075"},{"taxonomy":"post_tag","embeddable":true,"href":"https:\/\/elrotativo.com.mx\/portal\/wp-json\/wp\/v2\/tags?post=3075"}],"curies":[{"name":"wp","href":"https:\/\/api.w.org\/{rel}","templated":true}]}}