{"id":3073,"date":"2022-06-29T01:02:25","date_gmt":"2022-06-29T06:02:25","guid":{"rendered":"https:\/\/elrotativo.mx\/portal\/?p=3073"},"modified":"2022-06-29T01:02:27","modified_gmt":"2022-06-29T06:02:27","slug":"fracasa-la-estrategia-de-seguridad-en-el-pais","status":"publish","type":"post","link":"https:\/\/elrotativo.com.mx\/portal\/fracasa-la-estrategia-de-seguridad-en-el-pais\/","title":{"rendered":"Fracasa la estrategia de seguridad en el pa\u00eds"},"content":{"rendered":"\n<p>Orizaba, Ver.- La estrategia de seguridad que ha implementado el Gobierno federal no ha funcionado, pues en lo que va de la administraci\u00f3n de Andr\u00e9s Manuel L\u00f3pez Obrador ya van m\u00e1s de 120 mil muertos, se\u00f1al\u00f3 el vocero diocesano, Helkyn Enr\u00edquez B\u00e1ez.<\/p>\n\n\n\n<p>\u201cC\u00f3mo ya lo han dicho los obispos en su reciente mensaje al pueblo de Dios por los acontecimientos tr\u00e1gicos de los \u00faltimos d\u00edas, parece ser que la estrategia no est\u00e1 funcionando. M\u00e1s de 120 mil muertos sin contar las personas desaparecidas, demuestran que no se ha reducido la violencia en nuestro pa\u00eds\u201d.<\/p>\n\n\n\n<p>El presb\u00edtero se\u00f1al\u00f3 que de manera respetuosa han solicitado a las autoridades, revisar las estrategias de una manera conjunta, creando una sinergia empezando por los gobiernos en sus distintos niveles y las instituciones de seguridad.<\/p>\n\n\n\n<p>\u201cComo iglesia nos queremos sumar y ser\u00eda una buena estrategia que los medios de comunicaci\u00f3n, las escuelas, ayuden a promover una cultura de la paz. Se pide que tambi\u00e9n se ejerza la ley con respecto a los Derechos Humanos, pero para evitar la impunidad, para evitar que se sigan cometiendo los distintos delitos que est\u00e1n afectando en nuestras comunidades\u201d.<\/p>\n","protected":false},"excerpt":{"rendered":"<p>Orizaba, Ver.- La estrategia de seguridad que ha implementado el Gobierno federal no ha funcionado, pues en lo que va de la administraci\u00f3n de Andr\u00e9s Manuel L\u00f3pez Obrador ya van m\u00e1s de 120 mil muertos, se\u00f1al\u00f3 el vocero diocesano, Helkyn Enr\u00edquez B\u00e1ez. \u201cC\u00f3mo ya lo han dicho los obispos en su reciente mensaje al pueblo [&hellip;]<\/p>\n","protected":false},"author":4,"featured_media":3054,"comment_status":"open","ping_status":"open","sticky":false,"template":"","format":"standard","meta":{"rop_custom_images_group":[],"rop_custom_messages_group":[],"rop_publish_now":"initial","rop_publish_now_accounts":{"facebook_2001103103558832_1797403930571497":""},"rop_publish_now_history":[],"rop_publish_now_status":"pending","tdm_status":"","tdm_grid_status":"","footnotes":""},"categories":[26],"tags":[],"class_list":{"0":"post-3073","1":"post","2":"type-post","3":"status-publish","4":"format-standard","5":"has-post-thumbnail","7":"category-destacada-4"},"_links":{"self":[{"href":"https:\/\/elrotativo.com.mx\/portal\/wp-json\/wp\/v2\/posts\/3073","targetHints":{"allow":["GET"]}}],"collection":[{"href":"https:\/\/elrotativo.com.mx\/portal\/wp-json\/wp\/v2\/posts"}],"about":[{"href":"https:\/\/elrotativo.com.mx\/portal\/wp-json\/wp\/v2\/types\/post"}],"author":[{"embeddable":true,"href":"https:\/\/elrotativo.com.mx\/portal\/wp-json\/wp\/v2\/users\/4"}],"replies":[{"embeddable":true,"href":"https:\/\/elrotativo.com.mx\/portal\/wp-json\/wp\/v2\/comments?post=3073"}],"version-history":[{"count":1,"href":"https:\/\/elrotativo.com.mx\/portal\/wp-json\/wp\/v2\/posts\/3073\/revisions"}],"predecessor-version":[{"id":3074,"href":"https:\/\/elrotativo.com.mx\/portal\/wp-json\/wp\/v2\/posts\/3073\/revisions\/3074"}],"wp:featuredmedia":[{"embeddable":true,"href":"https:\/\/elrotativo.com.mx\/portal\/wp-json\/wp\/v2\/media\/3054"}],"wp:attachment":[{"href":"https:\/\/elrotativo.com.mx\/portal\/wp-json\/wp\/v2\/media?parent=3073"}],"wp:term":[{"taxonomy":"category","embeddable":true,"href":"https:\/\/elrotativo.com.mx\/portal\/wp-json\/wp\/v2\/categories?post=3073"},{"taxonomy":"post_tag","embeddable":true,"href":"https:\/\/elrotativo.com.mx\/portal\/wp-json\/wp\/v2\/tags?post=3073"}],"curies":[{"name":"wp","href":"https:\/\/api.w.org\/{rel}","templated":true}]}}