{"id":3038,"date":"2022-06-27T23:39:08","date_gmt":"2022-06-28T04:39:08","guid":{"rendered":"https:\/\/elrotativo.mx\/portal\/?p=3038"},"modified":"2022-06-27T23:39:10","modified_gmt":"2022-06-28T04:39:10","slug":"pc-rio-blanco-vigila-rios-de-respuesta-rapida-ante-pronostico-de-lluvias","status":"publish","type":"post","link":"https:\/\/elrotativo.com.mx\/portal\/pc-rio-blanco-vigila-rios-de-respuesta-rapida-ante-pronostico-de-lluvias\/","title":{"rendered":"PC R\u00edo Blanco vigila r\u00edos de respuesta r\u00e1pida ante pron\u00f3stico de lluvias"},"content":{"rendered":"\n<p>R\u00edo Blanco, Ver.- Ante la continuidad de lluvias en el municipio y el Estado seg\u00fan el pron\u00f3stico de la Comisi\u00f3n Nacional del Agua, la Direcci\u00f3n de Protecci\u00f3n Civil ha puesto especial atenci\u00f3n a r\u00edos de respuesta r\u00e1pida y zonas susceptibles a incidentes.<\/p>\n\n\n\n<p>El director de la unidad de PC, Jes\u00fas Osorio M\u00e9ndez, destac\u00f3 que en lo que va de la temporada de lluvias 2022, se registra saldo blanco en el municipio, pues no se han registrado afectaciones ni situaciones de riesgo que pongan en peligro la integridad de los ciudadanos.<\/p>\n\n\n\n<p>La limpieza de los 2 kil\u00f3metros del r\u00edo La Carbonera y el desazolve de alcantarillas, dijo que fueron acciones oportunas con las que se evitan percances en esta \u00e9poca de lluvias; sin embargo, resalt\u00f3 que se mantienen siempre a la expectativa.<\/p>\n\n\n\n<p>Precis\u00f3 que, desde el inicio de la temporada de lluvias, se realizan recorridos de d\u00eda y nocturnos para verificar y validar puntos de la ciudad, en donde se podr\u00edan registrar algunas situaciones de riesgo.<\/p>\n\n\n\n<p>Agreg\u00f3 que el cauce del r\u00edo La Carbonera solo ha tenido un ligero incremento, pero nada de gravedad.<\/p>\n\n\n\n<p>\u201cPara evitar desinformaci\u00f3n y conocer las recomendaciones pertinentes, invito a la poblaci\u00f3n a estar pendientes solo de la informaci\u00f3n oficial que emita la Secretar\u00eda de Protecci\u00f3n Civil o el Ayuntamiento. Tambi\u00e9n hago un llamado a los ciudadanos para que est\u00e9n preparados en esta temporada de lluvias: que tengan lista una mochila de emergencia\u201d.<\/p>\n","protected":false},"excerpt":{"rendered":"<p>R\u00edo Blanco, Ver.- Ante la continuidad de lluvias en el municipio y el Estado seg\u00fan el pron\u00f3stico de la Comisi\u00f3n Nacional del Agua, la Direcci\u00f3n de Protecci\u00f3n Civil ha puesto especial atenci\u00f3n a r\u00edos de respuesta r\u00e1pida y zonas susceptibles a incidentes. El director de la unidad de PC, Jes\u00fas Osorio M\u00e9ndez, destac\u00f3 que en [&hellip;]<\/p>\n","protected":false},"author":4,"featured_media":3005,"comment_status":"open","ping_status":"open","sticky":false,"template":"","format":"standard","meta":{"rop_custom_images_group":[],"rop_custom_messages_group":[],"rop_publish_now":"initial","rop_publish_now_accounts":{"facebook_2001103103558832_1797403930571497":""},"rop_publish_now_history":[],"rop_publish_now_status":"pending","tdm_status":"","tdm_grid_status":"","footnotes":""},"categories":[10],"tags":[],"class_list":{"0":"post-3038","1":"post","2":"type-post","3":"status-publish","4":"format-standard","5":"has-post-thumbnail","7":"category-local-regional"},"_links":{"self":[{"href":"https:\/\/elrotativo.com.mx\/portal\/wp-json\/wp\/v2\/posts\/3038","targetHints":{"allow":["GET"]}}],"collection":[{"href":"https:\/\/elrotativo.com.mx\/portal\/wp-json\/wp\/v2\/posts"}],"about":[{"href":"https:\/\/elrotativo.com.mx\/portal\/wp-json\/wp\/v2\/types\/post"}],"author":[{"embeddable":true,"href":"https:\/\/elrotativo.com.mx\/portal\/wp-json\/wp\/v2\/users\/4"}],"replies":[{"embeddable":true,"href":"https:\/\/elrotativo.com.mx\/portal\/wp-json\/wp\/v2\/comments?post=3038"}],"version-history":[{"count":1,"href":"https:\/\/elrotativo.com.mx\/portal\/wp-json\/wp\/v2\/posts\/3038\/revisions"}],"predecessor-version":[{"id":3039,"href":"https:\/\/elrotativo.com.mx\/portal\/wp-json\/wp\/v2\/posts\/3038\/revisions\/3039"}],"wp:featuredmedia":[{"embeddable":true,"href":"https:\/\/elrotativo.com.mx\/portal\/wp-json\/wp\/v2\/media\/3005"}],"wp:attachment":[{"href":"https:\/\/elrotativo.com.mx\/portal\/wp-json\/wp\/v2\/media?parent=3038"}],"wp:term":[{"taxonomy":"category","embeddable":true,"href":"https:\/\/elrotativo.com.mx\/portal\/wp-json\/wp\/v2\/categories?post=3038"},{"taxonomy":"post_tag","embeddable":true,"href":"https:\/\/elrotativo.com.mx\/portal\/wp-json\/wp\/v2\/tags?post=3038"}],"curies":[{"name":"wp","href":"https:\/\/api.w.org\/{rel}","templated":true}]}}