{"id":3034,"date":"2022-06-27T23:36:25","date_gmt":"2022-06-28T04:36:25","guid":{"rendered":"https:\/\/elrotativo.mx\/portal\/?p=3034"},"modified":"2022-06-27T23:36:27","modified_gmt":"2022-06-28T04:36:27","slug":"vacunarian-a-200-mil-menores-de-5-a-11-anos-contra-el-covid-19-en-veracruz","status":"publish","type":"post","link":"https:\/\/elrotativo.com.mx\/portal\/vacunarian-a-200-mil-menores-de-5-a-11-anos-contra-el-covid-19-en-veracruz\/","title":{"rendered":"Vacunar\u00edan a 200 mil menores de 5 a 11 a\u00f1os contra el COVID-19 en Veracruz"},"content":{"rendered":"\n<p>Xalapa, ver.- Al menos 200 mil menores de 5 a 11 a\u00f1os, del estado de Veracruz son los podr\u00edan recibir la vacuna contra el COVID-19, inform\u00f3 el delegado de Programas para el Desarrollo, Manuel Huerta Ladr\u00f3n de Guevara en el arranque de las jornadas de vacunaci\u00f3n para los menores de estas edades de Xalapa, Veracruz y Boca del R\u00edo.<\/p>\n\n\n\n<p>En entrevista destac\u00f3 la recomendaci\u00f3n de la UNICEF de que los menores asistan a recibir su vacuna y destac\u00f3 la importancia de contar con el esquema de vacunaci\u00f3n de manera preventiva, aunque explic\u00f3 que este grupo poblacional no es un sector de riesgo a menos que presente comorbilidades.<\/p>\n\n\n\n<p>Explic\u00f3 que se atender\u00e1 a cerca de 200 mil menores en todo el Estado y reiter\u00f3 el compromiso del Gobierno Federal por atender de manera preventiva a este sector siguiendo las recomendaciones de organismos internacionales.<\/p>\n\n\n\n<p>El funcionario refiri\u00f3 la Huerta record\u00f3 que en Xalapa se vacunar\u00e1 en 4 sedes: la Torre Olmo, la Facultad de Medicina de la UV, el Gimnasio Omega y el Sal\u00f3n Ejidal \u00abEl Castillo\u00bb; para Veracruz y Boca del R\u00edo se\u00f1al\u00f3 que estar\u00e1n vacunando en el Estadio Luis &#8216;Pirata&#8217; Fuente, en el \u00c1gora del Campo Deportivo Las Amapolas y en el Tecnol\u00f3gico de Veracruz.<\/p>\n\n\n\n<p>Asimismo, coment\u00f3 que se seguir\u00e1 un sistema de letrado los tres d\u00edas que durar\u00e1n los operativos, adem\u00e1s mencion\u00f3 que tambi\u00e9n se estar\u00e1n aplicando segundas dosis para los j\u00f3venes de 15 a 17 a\u00f1os, junto a los mayores de 18 que tengan alguna vacuna rezagada.<\/p>\n\n\n\n<p>El Delegado explic\u00f3 que llegaron 132 mil vacunas para esta semana y se\u00f1al\u00f3 que se tiene registro de 200 mil menores inscritos. Huerta pidi\u00f3 a la poblaci\u00f3n que siga registrando a sus menores en la plataforma: mivacuna.salud.gob.mx para que se ampl\u00ede la ruta y la vacuna llegue a m\u00e1s ciudades.<\/p>\n\n\n\n<p>Finalmente, Manuel Huerta dijo que, si por motivos de salud no le es posible a algunas personas vacunar a sus menores, al terminar los operativos la vacuna se encontrar\u00e1 disponible en los Centros de Salud Estatales y Federales para su acceso de forma gratuita, universal y voluntaria.<\/p>\n","protected":false},"excerpt":{"rendered":"<p>Xalapa, ver.- Al menos 200 mil menores de 5 a 11 a\u00f1os, del estado de Veracruz son los podr\u00edan recibir la vacuna contra el COVID-19, inform\u00f3 el delegado de Programas para el Desarrollo, Manuel Huerta Ladr\u00f3n de Guevara en el arranque de las jornadas de vacunaci\u00f3n para los menores de estas edades de Xalapa, Veracruz [&hellip;]<\/p>\n","protected":false},"author":4,"featured_media":3004,"comment_status":"open","ping_status":"open","sticky":false,"template":"","format":"standard","meta":{"rop_custom_images_group":[],"rop_custom_messages_group":[],"rop_publish_now":"initial","rop_publish_now_accounts":{"facebook_2001103103558832_1797403930571497":""},"rop_publish_now_history":[],"rop_publish_now_status":"pending","tdm_status":"","tdm_grid_status":"","footnotes":""},"categories":[6],"tags":[],"class_list":{"0":"post-3034","1":"post","2":"type-post","3":"status-publish","4":"format-standard","5":"has-post-thumbnail","7":"category-estatal"},"_links":{"self":[{"href":"https:\/\/elrotativo.com.mx\/portal\/wp-json\/wp\/v2\/posts\/3034","targetHints":{"allow":["GET"]}}],"collection":[{"href":"https:\/\/elrotativo.com.mx\/portal\/wp-json\/wp\/v2\/posts"}],"about":[{"href":"https:\/\/elrotativo.com.mx\/portal\/wp-json\/wp\/v2\/types\/post"}],"author":[{"embeddable":true,"href":"https:\/\/elrotativo.com.mx\/portal\/wp-json\/wp\/v2\/users\/4"}],"replies":[{"embeddable":true,"href":"https:\/\/elrotativo.com.mx\/portal\/wp-json\/wp\/v2\/comments?post=3034"}],"version-history":[{"count":1,"href":"https:\/\/elrotativo.com.mx\/portal\/wp-json\/wp\/v2\/posts\/3034\/revisions"}],"predecessor-version":[{"id":3035,"href":"https:\/\/elrotativo.com.mx\/portal\/wp-json\/wp\/v2\/posts\/3034\/revisions\/3035"}],"wp:featuredmedia":[{"embeddable":true,"href":"https:\/\/elrotativo.com.mx\/portal\/wp-json\/wp\/v2\/media\/3004"}],"wp:attachment":[{"href":"https:\/\/elrotativo.com.mx\/portal\/wp-json\/wp\/v2\/media?parent=3034"}],"wp:term":[{"taxonomy":"category","embeddable":true,"href":"https:\/\/elrotativo.com.mx\/portal\/wp-json\/wp\/v2\/categories?post=3034"},{"taxonomy":"post_tag","embeddable":true,"href":"https:\/\/elrotativo.com.mx\/portal\/wp-json\/wp\/v2\/tags?post=3034"}],"curies":[{"name":"wp","href":"https:\/\/api.w.org\/{rel}","templated":true}]}}