{"id":29082,"date":"2026-09-05T18:12:05","date_gmt":"2026-09-06T00:12:05","guid":{"rendered":"https:\/\/elrotativo.com.mx\/portal\/?p=29082"},"modified":"2026-09-05T18:12:06","modified_gmt":"2026-09-06T00:12:06","slug":"dos-mujeres-lesionadas-tras-accidente-vial-en-mendoza","status":"publish","type":"post","link":"https:\/\/elrotativo.com.mx\/portal\/dos-mujeres-lesionadas-tras-accidente-vial-en-mendoza\/","title":{"rendered":"Dos mujeres lesionadas tras accidente vial en Mendoza"},"content":{"rendered":"\n<p class=\"wp-block-paragraph\">Camerino Z. Mendoza, Ver.- Dos personas lesionadas, entre ellas una menor de edad, as\u00ed como da\u00f1os materiales por varios miles de pesos, dej\u00f3 un accidente registrado la ma\u00f1ana de este s\u00e1bado 5 de septiembre sobre la avenida Ju\u00e1rez, en el cruce con Primera de Mayo, en este municipio.De acuerdo con los primeros reportes, en el percance estuvieron involucradas una unidad de alquiler marcada con el n\u00famero econ\u00f3mico 130, del municipio de Camerino Z. Mendoza, y una motocicleta Vento, en color negro con amarillo y con placas del estado de Veracruz.<\/p>\n\n\n\n<p class=\"wp-block-paragraph\">Tras el impacto, al menos dos mujeres, entre ellas una menor de edad, resultaron lesionadas, por lo que fueron atendidas y posteriormente trasladadas a un hospital particular de la ciudad de Orizaba para recibir valoraci\u00f3n m\u00e9dica.Testigos se\u00f1alaron de manera preliminar que el conductor del taxi presuntamente no habr\u00eda respetado la preferencia de paso, provocando el choque con la motocicleta; sin embargo, ser\u00e1n las autoridades correspondientes las encargadas de determinar la responsabilidad en el accidente.Al sitio acudieron elementos de Tr\u00e1nsito del Estado, quienes tomaron conocimiento de los hechos y realizaron las diligencias correspondientes. <\/p>\n\n\n\n<p class=\"wp-block-paragraph\">Finalmente, ambas unidades fueron retiradas del lugar y trasladadas al corral\u00f3n, donde permanecer\u00e1n mientras se lleva a cabo el deslinde de responsabilidades.<\/p>\n\n\n\n<p class=\"wp-block-paragraph\"><\/p>\n","protected":false},"excerpt":{"rendered":"<p>Camerino Z. Mendoza, Ver.- Dos personas lesionadas, entre ellas una menor de edad, as\u00ed como da\u00f1os materiales por varios miles de pesos, dej\u00f3 un accidente registrado la ma\u00f1ana de este s\u00e1bado 5 de septiembre sobre la avenida Ju\u00e1rez, en el cruce con Primera de Mayo, en este municipio.De acuerdo con los primeros reportes, en el [&hellip;]<\/p>\n","protected":false},"author":6,"featured_media":29083,"comment_status":"closed","ping_status":"open","sticky":false,"template":"","format":"standard","meta":{"tdm_status":"","tdm_grid_status":"","footnotes":""},"categories":[26,10],"tags":[],"class_list":["post-29082","post","type-post","status-publish","format-standard","has-post-thumbnail","category-destacada-4","category-local-regional"],"_links":{"self":[{"href":"https:\/\/elrotativo.com.mx\/portal\/wp-json\/wp\/v2\/posts\/29082","targetHints":{"allow":["GET"]}}],"collection":[{"href":"https:\/\/elrotativo.com.mx\/portal\/wp-json\/wp\/v2\/posts"}],"about":[{"href":"https:\/\/elrotativo.com.mx\/portal\/wp-json\/wp\/v2\/types\/post"}],"author":[{"embeddable":true,"href":"https:\/\/elrotativo.com.mx\/portal\/wp-json\/wp\/v2\/users\/6"}],"replies":[{"embeddable":true,"href":"https:\/\/elrotativo.com.mx\/portal\/wp-json\/wp\/v2\/comments?post=29082"}],"version-history":[{"count":1,"href":"https:\/\/elrotativo.com.mx\/portal\/wp-json\/wp\/v2\/posts\/29082\/revisions"}],"predecessor-version":[{"id":29084,"href":"https:\/\/elrotativo.com.mx\/portal\/wp-json\/wp\/v2\/posts\/29082\/revisions\/29084"}],"wp:featuredmedia":[{"embeddable":true,"href":"https:\/\/elrotativo.com.mx\/portal\/wp-json\/wp\/v2\/media\/29083"}],"wp:attachment":[{"href":"https:\/\/elrotativo.com.mx\/portal\/wp-json\/wp\/v2\/media?parent=29082"}],"wp:term":[{"taxonomy":"category","embeddable":true,"href":"https:\/\/elrotativo.com.mx\/portal\/wp-json\/wp\/v2\/categories?post=29082"},{"taxonomy":"post_tag","embeddable":true,"href":"https:\/\/elrotativo.com.mx\/portal\/wp-json\/wp\/v2\/tags?post=29082"}],"curies":[{"name":"wp","href":"https:\/\/api.w.org\/{rel}","templated":true}]}}