{"id":29079,"date":"2026-09-05T14:28:51","date_gmt":"2026-09-05T20:28:51","guid":{"rendered":"https:\/\/elrotativo.com.mx\/portal\/?p=29079"},"modified":"2026-09-05T14:28:52","modified_gmt":"2026-09-05T20:28:52","slug":"mercado-emiliano-zapata-celebra-50-anos-de-historia-y-tradicion-en-orizaba","status":"publish","type":"post","link":"https:\/\/elrotativo.com.mx\/portal\/mercado-emiliano-zapata-celebra-50-anos-de-historia-y-tradicion-en-orizaba\/","title":{"rendered":"Mercado Emiliano Zapata celebra 50 a\u00f1os de historia y tradici\u00f3n en Orizaba"},"content":{"rendered":"\n<p class=\"wp-block-paragraph\">Orizaba, Ver.- Con medio siglo de historia, trabajo y tradici\u00f3n, el Mercado Emiliano Zapata de Orizaba celebr\u00f3 su 50 aniversario con una jornada que reuni\u00f3 a comerciantes, familias, autoridades municipales y clientes, en un festejo que reconoci\u00f3 el legado de varias generaciones que han dado vida a este importante centro de abasto.Las festividades se desarrollaron en Oriente 11, entre Norte 12 y Norte 14, donde se realizaron actividades religiosas, la develaci\u00f3n de una placa conmemorativa y diversas presentaciones art\u00edsticas, adem\u00e1s de m\u00fasica y lucha libre.Durante el acto protocolario, se destac\u00f3 que la historia del mercado est\u00e1 ligada a cientos de comerciantes que anteriormente ocupaban calles aleda\u00f1as a otros centros de abasto de la ciudad. Su construcci\u00f3n inici\u00f3 en 1976, mientras que su actividad comercial comenz\u00f3 formalmente durante la administraci\u00f3n municipal de Enrique Mart\u00ednez Madrid, convirti\u00e9ndose con el paso de los a\u00f1os en uno de los principales puntos de distribuci\u00f3n de productos de la regi\u00f3n de las Altas Monta\u00f1as.Comerciantes que han permanecido durante d\u00e9cadas recordaron que los primeros a\u00f1os estuvieron marcados por condiciones dif\u00edciles, cuando algunos introductores provenientes de otras comunidades incluso dorm\u00edan en los pasillos del mercado sobre tarimas y enfrentaban las lluvias sin la infraestructura que actualmente existe.\u201c50 a\u00f1os no se cumplen, se construyen y se trabajan con el esfuerzo de cada comerciante\u201d, fue uno de los mensajes compartidos durante la celebraci\u00f3n, en reconocimiento tambi\u00e9n a quienes iniciaron esta actividad y que ya no est\u00e1n presentes, pero cuyo legado permanece en las nuevas generaciones.La administradora del mercado, Laura S\u00e1nchez Hern\u00e1ndez, se\u00f1al\u00f3 que actualmente existen m\u00e1s de mil 300 comerciantes, quienes junto con sus trabajadores generan alrededor de 3 mil empleos, convirtiendo al Mercado Emiliano Zapata en una importante fuente de ingresos para numerosas familias.Destac\u00f3 adem\u00e1s que el mercado mantiene su car\u00e1cter de centro de abasto regional, al recibir productos provenientes de municipios como La Perla, Mariano Escobedo e Ixtaczoquitl\u00e1n, as\u00ed como de otras entidades, principalmente frutas, verduras, carnes y productos del campo que llegan directamente de las zonas productoras.Por su parte, autoridades municipales resaltaron la organizaci\u00f3n y limpieza que distinguen actualmente al mercado, as\u00ed como el arraigo que mantiene entre los habitantes de Orizaba. Se reconoci\u00f3 particularmente el trabajo de los comerciantes y de la administraci\u00f3n para mantener vigente un espacio que, durante cinco d\u00e9cadas, ha formado parte de la vida econ\u00f3mica y social de la ciudad.La celebraci\u00f3n tambi\u00e9n permiti\u00f3 recordar a los primeros comerciantes y a las familias que durante tres generaciones han mantenido sus negocios en este lugar, convirtiendo al Mercado Emiliano Zapata no solamente en un espacio comercial, sino en parte de la memoria colectiva de Orizaba.<\/p>\n\n\n\n<p class=\"wp-block-paragraph\"><\/p>\n","protected":false},"excerpt":{"rendered":"<p>Orizaba, Ver.- Con medio siglo de historia, trabajo y tradici\u00f3n, el Mercado Emiliano Zapata de Orizaba celebr\u00f3 su 50 aniversario con una jornada que reuni\u00f3 a comerciantes, familias, autoridades municipales y clientes, en un festejo que reconoci\u00f3 el legado de varias generaciones que han dado vida a este importante centro de abasto.Las festividades se desarrollaron [&hellip;]<\/p>\n","protected":false},"author":6,"featured_media":29080,"comment_status":"closed","ping_status":"open","sticky":false,"template":"","format":"standard","meta":{"tdm_status":"","tdm_grid_status":"","footnotes":""},"categories":[26,10],"tags":[],"class_list":["post-29079","post","type-post","status-publish","format-standard","has-post-thumbnail","category-destacada-4","category-local-regional"],"_links":{"self":[{"href":"https:\/\/elrotativo.com.mx\/portal\/wp-json\/wp\/v2\/posts\/29079","targetHints":{"allow":["GET"]}}],"collection":[{"href":"https:\/\/elrotativo.com.mx\/portal\/wp-json\/wp\/v2\/posts"}],"about":[{"href":"https:\/\/elrotativo.com.mx\/portal\/wp-json\/wp\/v2\/types\/post"}],"author":[{"embeddable":true,"href":"https:\/\/elrotativo.com.mx\/portal\/wp-json\/wp\/v2\/users\/6"}],"replies":[{"embeddable":true,"href":"https:\/\/elrotativo.com.mx\/portal\/wp-json\/wp\/v2\/comments?post=29079"}],"version-history":[{"count":1,"href":"https:\/\/elrotativo.com.mx\/portal\/wp-json\/wp\/v2\/posts\/29079\/revisions"}],"predecessor-version":[{"id":29081,"href":"https:\/\/elrotativo.com.mx\/portal\/wp-json\/wp\/v2\/posts\/29079\/revisions\/29081"}],"wp:featuredmedia":[{"embeddable":true,"href":"https:\/\/elrotativo.com.mx\/portal\/wp-json\/wp\/v2\/media\/29080"}],"wp:attachment":[{"href":"https:\/\/elrotativo.com.mx\/portal\/wp-json\/wp\/v2\/media?parent=29079"}],"wp:term":[{"taxonomy":"category","embeddable":true,"href":"https:\/\/elrotativo.com.mx\/portal\/wp-json\/wp\/v2\/categories?post=29079"},{"taxonomy":"post_tag","embeddable":true,"href":"https:\/\/elrotativo.com.mx\/portal\/wp-json\/wp\/v2\/tags?post=29079"}],"curies":[{"name":"wp","href":"https:\/\/api.w.org\/{rel}","templated":true}]}}