{"id":29076,"date":"2026-09-04T17:11:15","date_gmt":"2026-09-04T23:11:15","guid":{"rendered":"https:\/\/elrotativo.com.mx\/portal\/?p=29076"},"modified":"2026-09-04T17:11:16","modified_gmt":"2026-09-04T23:11:16","slug":"cordoba-despide-a-zenyazen-escobar-entre-dolor-y-recuerdos-de-lucha-magisterial","status":"publish","type":"post","link":"https:\/\/elrotativo.com.mx\/portal\/cordoba-despide-a-zenyazen-escobar-entre-dolor-y-recuerdos-de-lucha-magisterial\/","title":{"rendered":"C\u00f3rdoba despide a Zenyazen Escobar entre dolor y recuerdos de lucha magisterial"},"content":{"rendered":"\n<p class=\"wp-block-paragraph\">C\u00f3rdoba, Ver.- Entre abrazos, muestras de dolor y recuerdos de a\u00f1os de lucha en defensa del magisterio, familiares, amigos y excompa\u00f1eros de Zenyazen Roberto Escobar Garc\u00eda se congregaron la tarde de este viernes en el parque 21 de Mayo de C\u00f3rdoba, luego de conocerse el fallecimiento del diputado federal por el Distrito 16.<\/p>\n\n\n\n<p class=\"wp-block-paragraph\">Al encuentro acudi\u00f3 \u00c1ngel Etiem Jim\u00e9nez Casta\u00f1eda, diputado federal suplente de Escobar Garc\u00eda, adem\u00e1s de primo del legislador, quien record\u00f3 la trayectoria que ambos compartieron desde el movimiento magisterial hace m\u00e1s de 13 a\u00f1os, cuando participaron en movilizaciones contra la denominada reforma educativa y en defensa de los trabajadores de la educaci\u00f3n.<\/p>\n\n\n\n<p class=\"wp-block-paragraph\">Con la voz entrecortada, Jim\u00e9nez Casta\u00f1eda describi\u00f3 a Escobar Garc\u00eda como un hombre firme en sus convicciones y destac\u00f3 el legado que dej\u00f3 durante sus a\u00f1os de actividad pol\u00edtica y sindical. \u201cNos dej\u00f3 una gran historia, un gran legado; era una persona que nunca se dobleg\u00f3, que siempre se mantuvo firme\u201d, expres\u00f3 ante compa\u00f1eros y simpatizantes reunidos en el centro de la ciudad.<\/p>\n\n\n\n<p class=\"wp-block-paragraph\">Tambi\u00e9n resalt\u00f3 el respaldo que el exsecretario de Educaci\u00f3n de Veracruz brind\u00f3 al sector magisterial durante su paso por la dependencia estatal, al se\u00f1alar que mantuvo cercan\u00eda con los trabajadores de la educaci\u00f3n. Lo record\u00f3 como un \u201cgran hermano\u201d y un \u201cgran camarada de lucha\u201d.<\/p>\n\n\n\n<p class=\"wp-block-paragraph\">Durante el acto, los asistentes guardaron un minuto de silencio y posteriormente ofrecieron un aplauso en memoria del legislador, en medio de la consternaci\u00f3n por su repentina muerte.<\/p>\n\n\n\n<p class=\"wp-block-paragraph\">Jim\u00e9nez Casta\u00f1eda se\u00f1al\u00f3 que permanecer\u00e1n a la espera de los resultados de los peritajes de la Fiscal\u00eda General del Estado para conocer con precisi\u00f3n qu\u00e9 ocurri\u00f3. \u201cEstamos en espera de un comunicado; nos vamos a mantener en esa postura hasta que haya un comunicado y sepamos qu\u00e9 fue lo que pas\u00f3\u201d, afirm\u00f3.<\/p>\n\n\n\n<p class=\"wp-block-paragraph\">Zenyazen Escobar Garc\u00eda fue localizado sin vida la ma\u00f1ana de este viernes dentro de un veh\u00edculo, sobre la carretera Xalapa\u2013Cardel, a la altura de la comunidad La Gloria, en el municipio de Puente Nacional. Las autoridades mantienen abierta la investigaci\u00f3n para esclarecer las circunstancias de su fallecimiento.<\/p>\n\n\n\n<p class=\"wp-block-paragraph\">En C\u00f3rdoba, familiares y compa\u00f1eros anunciaron que durante este fin de semana se llevar\u00e1 a cabo una misa en memoria del legislador, para pedir por su eterno descanso.<\/p>\n","protected":false},"excerpt":{"rendered":"<p>C\u00f3rdoba, Ver.- Entre abrazos, muestras de dolor y recuerdos de a\u00f1os de lucha en defensa del magisterio, familiares, amigos y excompa\u00f1eros de Zenyazen Roberto Escobar Garc\u00eda se congregaron la tarde de este viernes en el parque 21 de Mayo de C\u00f3rdoba, luego de conocerse el fallecimiento del diputado federal por el Distrito 16. Al encuentro [&hellip;]<\/p>\n","protected":false},"author":6,"featured_media":29077,"comment_status":"closed","ping_status":"open","sticky":false,"template":"","format":"standard","meta":{"tdm_status":"","tdm_grid_status":"","footnotes":""},"categories":[25,26,7],"tags":[],"class_list":["post-29076","post","type-post","status-publish","format-standard","has-post-thumbnail","category-destacada-1","category-destacada-4","category-policiaca"],"_links":{"self":[{"href":"https:\/\/elrotativo.com.mx\/portal\/wp-json\/wp\/v2\/posts\/29076","targetHints":{"allow":["GET"]}}],"collection":[{"href":"https:\/\/elrotativo.com.mx\/portal\/wp-json\/wp\/v2\/posts"}],"about":[{"href":"https:\/\/elrotativo.com.mx\/portal\/wp-json\/wp\/v2\/types\/post"}],"author":[{"embeddable":true,"href":"https:\/\/elrotativo.com.mx\/portal\/wp-json\/wp\/v2\/users\/6"}],"replies":[{"embeddable":true,"href":"https:\/\/elrotativo.com.mx\/portal\/wp-json\/wp\/v2\/comments?post=29076"}],"version-history":[{"count":1,"href":"https:\/\/elrotativo.com.mx\/portal\/wp-json\/wp\/v2\/posts\/29076\/revisions"}],"predecessor-version":[{"id":29078,"href":"https:\/\/elrotativo.com.mx\/portal\/wp-json\/wp\/v2\/posts\/29076\/revisions\/29078"}],"wp:featuredmedia":[{"embeddable":true,"href":"https:\/\/elrotativo.com.mx\/portal\/wp-json\/wp\/v2\/media\/29077"}],"wp:attachment":[{"href":"https:\/\/elrotativo.com.mx\/portal\/wp-json\/wp\/v2\/media?parent=29076"}],"wp:term":[{"taxonomy":"category","embeddable":true,"href":"https:\/\/elrotativo.com.mx\/portal\/wp-json\/wp\/v2\/categories?post=29076"},{"taxonomy":"post_tag","embeddable":true,"href":"https:\/\/elrotativo.com.mx\/portal\/wp-json\/wp\/v2\/tags?post=29076"}],"curies":[{"name":"wp","href":"https:\/\/api.w.org\/{rel}","templated":true}]}}