{"id":29073,"date":"2026-09-04T16:11:21","date_gmt":"2026-09-04T22:11:21","guid":{"rendered":"https:\/\/elrotativo.com.mx\/portal\/?p=29073"},"modified":"2026-09-04T16:11:22","modified_gmt":"2026-09-04T22:11:22","slug":"a-100-anos-del-cine-en-orizaba-impulsan-nueva-produccion-cinematografica","status":"publish","type":"post","link":"https:\/\/elrotativo.com.mx\/portal\/a-100-anos-del-cine-en-orizaba-impulsan-nueva-produccion-cinematografica\/","title":{"rendered":"A 100 a\u00f1os del cine en Orizaba, impulsan nueva producci\u00f3n cinematogr\u00e1fica"},"content":{"rendered":"\n<p class=\"wp-block-paragraph\">Orizaba, Ver.- A un siglo de que Orizaba fuera escenario de una de las primeras producciones cinematogr\u00e1ficas realizadas en M\u00e9xico, el talento local busca retomar esa tradici\u00f3n con el rodaje del cortometraje \u201cAl otro lado de sus alas\u201d, proyecto que iniciar\u00e1 este s\u00e1bado y que reunir\u00e1 a actores, t\u00e9cnicos y especialistas de la ciudad y la regi\u00f3n.Ren\u00e9 L\u00f3pez Robledo, productor y representante del Instituto Cinematogr\u00e1fico de Orizaba (ICO), acompa\u00f1ado por el productor y director de teatro, cine y televisi\u00f3n Aurelio \u00c1vila y la productora y guionista Tania Villegas, destac\u00f3 que esta producci\u00f3n forma parte del esfuerzo por conmemorar los 100 a\u00f1os del cine en Orizaba, pero tambi\u00e9n representa un primer paso para recuperar de manera permanente la actividad cinematogr\u00e1fica en la ciudad.<\/p>\n\n\n\n<p class=\"wp-block-paragraph\">\u201cEstamos tratando de echar a andar el tren nuevamente despu\u00e9s de los 100 a\u00f1os del cine. Queremos volver a producir cine, grabar la primera pel\u00edcula en Orizaba y seguir trabajando\u201d, se\u00f1alaron.El cortometraje ser\u00e1 filmado durante tres d\u00edas, 5, 6 y 7 de septiembre, principalmente en el Centro Hist\u00f3rico, con un equipo integrado por alrededor de 19 personas en las distintas \u00e1reas de producci\u00f3n. <\/p>\n\n\n\n<p class=\"wp-block-paragraph\">Uno de los principales objetivos es demostrar que existe capacidad profesional en la regi\u00f3n, por lo que los nueve actores que participar\u00e1n son talento orizabe\u00f1o.<\/p>\n\n\n\n<p class=\"wp-block-paragraph\">La historia, escrita por Tania Villegas, aborda la vida de una tanat\u00f3loga que atraviesa una crisis de fe y un proceso de duelo tras la muerte de su padre, adem\u00e1s de enfrentar el deseo de convertirse en madre.<\/p>\n\n\n\n<p class=\"wp-block-paragraph\"> Su perspectiva comenzar\u00e1 a transformarse cuando recibe el caso de una ni\u00f1a que asegura tener contacto con su hermana fallecida. La trama aborda el duelo, la resiliencia y la recuperaci\u00f3n de la fe.<\/p>\n\n\n\n<p class=\"wp-block-paragraph\">Para los productores, Orizaba ofrece condiciones excepcionales para el desarrollo de historias cinematogr\u00e1ficas por su arquitectura, paisajes, historia y escenarios naturales, adem\u00e1s del talento que existe en la zona. Aurelio \u00c1vila destac\u00f3 que, cada vez que regresan a la ciudad, buscan incorporar a profesionales locales y compartir su experiencia para fortalecer la formaci\u00f3n de nuevos cineastas.<\/p>\n\n\n\n<p class=\"wp-block-paragraph\">El proyecto forma parte de una estrategia m\u00e1s amplia. Tras el reconocimiento obtenido por el cortometraje \u201cCuando me haya ido\u201d, realizado anteriormente en Orizaba y presentado en festivales internacionales, se contempla llevar esta historia a formato de largometraje.Adem\u00e1s, el Instituto Cinematogr\u00e1fico de Orizaba prepara la reapertura de talleres de actuaci\u00f3n, fotograf\u00eda, direcci\u00f3n y producci\u00f3n, con la finalidad de continuar formando talento y generar una comunidad cinematogr\u00e1fica capaz de desarrollar proyectos propios.<\/p>\n\n\n\n<p class=\"wp-block-paragraph\">Los impulsores tambi\u00e9n adelantaron que \u201cAl otro lado de sus alas\u201d buscar\u00e1 tener una presentaci\u00f3n en Orizaba, posiblemente en el Teatro Ignacio de la Llave o el Auditorio Metropolitano, antes de iniciar su recorrido por festivales nacionales e internacionales.La apuesta, se\u00f1alaron, es que la celebraci\u00f3n de los 100 a\u00f1os del cine en Orizaba no quede \u00fanicamente como una conmemoraci\u00f3n hist\u00f3rica, sino que marque el comienzo de una nueva etapa, con la meta de que la ciudad vuelva a producir cine de manera constante y pueda consolidarse como un semillero de actores, directores, fot\u00f3grafos, productores y t\u00e9cnicos.<\/p>\n","protected":false},"excerpt":{"rendered":"<p>Orizaba, Ver.- A un siglo de que Orizaba fuera escenario de una de las primeras producciones cinematogr\u00e1ficas realizadas en M\u00e9xico, el talento local busca retomar esa tradici\u00f3n con el rodaje del cortometraje \u201cAl otro lado de sus alas\u201d, proyecto que iniciar\u00e1 este s\u00e1bado y que reunir\u00e1 a actores, t\u00e9cnicos y especialistas de la ciudad y [&hellip;]<\/p>\n","protected":false},"author":6,"featured_media":29074,"comment_status":"closed","ping_status":"open","sticky":false,"template":"","format":"standard","meta":{"tdm_status":"","tdm_grid_status":"","footnotes":""},"categories":[26,10],"tags":[],"class_list":["post-29073","post","type-post","status-publish","format-standard","has-post-thumbnail","category-destacada-4","category-local-regional"],"_links":{"self":[{"href":"https:\/\/elrotativo.com.mx\/portal\/wp-json\/wp\/v2\/posts\/29073","targetHints":{"allow":["GET"]}}],"collection":[{"href":"https:\/\/elrotativo.com.mx\/portal\/wp-json\/wp\/v2\/posts"}],"about":[{"href":"https:\/\/elrotativo.com.mx\/portal\/wp-json\/wp\/v2\/types\/post"}],"author":[{"embeddable":true,"href":"https:\/\/elrotativo.com.mx\/portal\/wp-json\/wp\/v2\/users\/6"}],"replies":[{"embeddable":true,"href":"https:\/\/elrotativo.com.mx\/portal\/wp-json\/wp\/v2\/comments?post=29073"}],"version-history":[{"count":1,"href":"https:\/\/elrotativo.com.mx\/portal\/wp-json\/wp\/v2\/posts\/29073\/revisions"}],"predecessor-version":[{"id":29075,"href":"https:\/\/elrotativo.com.mx\/portal\/wp-json\/wp\/v2\/posts\/29073\/revisions\/29075"}],"wp:featuredmedia":[{"embeddable":true,"href":"https:\/\/elrotativo.com.mx\/portal\/wp-json\/wp\/v2\/media\/29074"}],"wp:attachment":[{"href":"https:\/\/elrotativo.com.mx\/portal\/wp-json\/wp\/v2\/media?parent=29073"}],"wp:term":[{"taxonomy":"category","embeddable":true,"href":"https:\/\/elrotativo.com.mx\/portal\/wp-json\/wp\/v2\/categories?post=29073"},{"taxonomy":"post_tag","embeddable":true,"href":"https:\/\/elrotativo.com.mx\/portal\/wp-json\/wp\/v2\/tags?post=29073"}],"curies":[{"name":"wp","href":"https:\/\/api.w.org\/{rel}","templated":true}]}}