{"id":29068,"date":"2026-09-04T12:16:52","date_gmt":"2026-09-04T18:16:52","guid":{"rendered":"https:\/\/elrotativo.com.mx\/portal\/?p=29068"},"modified":"2026-09-04T12:22:12","modified_gmt":"2026-09-04T18:22:12","slug":"estudiantes-de-medicina-mantienen-paro-exigen-dialogo-dentro-de-la-facultad","status":"publish","type":"post","link":"https:\/\/elrotativo.com.mx\/portal\/estudiantes-de-medicina-mantienen-paro-exigen-dialogo-dentro-de-la-facultad\/","title":{"rendered":"Estudiantes de Medicina mantienen paro; exigen di\u00e1logo dentro de la facultad"},"content":{"rendered":"\n<p class=\"wp-block-paragraph\">Camerino Z Mendoza, Ver.- Sin una respuesta concreta por parte de las autoridades de la Universidad Veracruzana (UV), estudiantes de la Facultad de Medicina mantienen el paro iniciado desde el pasado martes y reiteraron su disposici\u00f3n al di\u00e1logo, aunque condicionaron cualquier acercamiento a que \u00e9ste se realice dentro de las instalaciones del plantel.<\/p>\n\n\n\n<p class=\"wp-block-paragraph\">Sarah\u00ed Anaya Severiano, consejera alumna de la Facultad de Medicina, se\u00f1al\u00f3 que los estudiantes est\u00e1n abiertos a establecer una mesa de di\u00e1logo con las autoridades, pero rechazaron tener que trasladarse a otras instancias, al considerar que la facultad es su espacio de formaci\u00f3n y cuenta con las condiciones necesarias para realizar el encuentro.<\/p>\n\n\n\n<p class=\"wp-block-paragraph\">Explic\u00f3 que el movimiento surgi\u00f3 luego de que, durante la madrugada, un grupo de alumnos tom\u00f3 la iniciativa de manifestarse ante el descontento acumulado por situaciones que, aseguran, no han sido atendidas. Tras conocer el pliego petitorio, los representantes estudiantiles decidieron respaldar la movilizaci\u00f3n al considerar que las demandas corresponden a necesidades reales de la comunidad.<\/p>\n\n\n\n<p class=\"wp-block-paragraph\">La consejera reconoci\u00f3 que, a ra\u00edz del movimiento, han comenzado a surgir testimonios de estudiantes que denuncian situaciones que incluso los habr\u00edan llevado a suspender temporalmente sus estudios. Sin embargo, dijo, algunos todav\u00eda tienen temor de hablar p\u00fablicamente por posibles represalias.<\/p>\n\n\n\n<p class=\"wp-block-paragraph\">El pliego petitorio contempla m\u00e1s de 20 puntos y consta de alrededor de 21 hojas. Entre las principales demandas se encuentra la destituci\u00f3n del director de la Facultad de Medicina, Gerardo Lunar, adem\u00e1s de diversas solicitudes relacionadas con las condiciones y necesidades de la comunidad estudiantil.<\/p>\n\n\n\n<p class=\"wp-block-paragraph\">Anaya Severiano inform\u00f3 que los estudiantes acudieron la noche del jueves a la Vicerrector\u00eda para buscar una respuesta y se plante\u00f3 la posibilidad de que el secretario de la Universidad Veracruzana, Arturo Aguilar, participe en el di\u00e1logo. No obstante, hasta el momento no existe una propuesta concreta para permitir el ingreso de los estudiantes y establecer la mesa dentro de la facultad.<\/p>\n\n\n\n<p class=\"wp-block-paragraph\">\u201cEstamos abiertos al di\u00e1logo\u201d, reiter\u00f3 la consejera, al se\u00f1alar que los alumnos buscan una soluci\u00f3n pac\u00edfica y que beneficie a toda la comunidad, pero insisti\u00f3 en que esperan ser escuchados dentro de su propia casa de estudios.<\/p>\n","protected":false},"excerpt":{"rendered":"<p>Camerino Z Mendoza, Ver.- Sin una respuesta concreta por parte de las autoridades de la Universidad Veracruzana (UV), estudiantes de la Facultad de Medicina mantienen el paro iniciado desde el pasado martes y reiteraron su disposici\u00f3n al di\u00e1logo, aunque condicionaron cualquier acercamiento a que \u00e9ste se realice dentro de las instalaciones del plantel. Sarah\u00ed Anaya [&hellip;]<\/p>\n","protected":false},"author":6,"featured_media":29071,"comment_status":"closed","ping_status":"open","sticky":false,"template":"","format":"standard","meta":{"tdm_status":"","tdm_grid_status":"","footnotes":""},"categories":[25,26,10],"tags":[],"class_list":["post-29068","post","type-post","status-publish","format-standard","has-post-thumbnail","category-destacada-1","category-destacada-4","category-local-regional"],"_links":{"self":[{"href":"https:\/\/elrotativo.com.mx\/portal\/wp-json\/wp\/v2\/posts\/29068","targetHints":{"allow":["GET"]}}],"collection":[{"href":"https:\/\/elrotativo.com.mx\/portal\/wp-json\/wp\/v2\/posts"}],"about":[{"href":"https:\/\/elrotativo.com.mx\/portal\/wp-json\/wp\/v2\/types\/post"}],"author":[{"embeddable":true,"href":"https:\/\/elrotativo.com.mx\/portal\/wp-json\/wp\/v2\/users\/6"}],"replies":[{"embeddable":true,"href":"https:\/\/elrotativo.com.mx\/portal\/wp-json\/wp\/v2\/comments?post=29068"}],"version-history":[{"count":1,"href":"https:\/\/elrotativo.com.mx\/portal\/wp-json\/wp\/v2\/posts\/29068\/revisions"}],"predecessor-version":[{"id":29070,"href":"https:\/\/elrotativo.com.mx\/portal\/wp-json\/wp\/v2\/posts\/29068\/revisions\/29070"}],"wp:featuredmedia":[{"embeddable":true,"href":"https:\/\/elrotativo.com.mx\/portal\/wp-json\/wp\/v2\/media\/29071"}],"wp:attachment":[{"href":"https:\/\/elrotativo.com.mx\/portal\/wp-json\/wp\/v2\/media?parent=29068"}],"wp:term":[{"taxonomy":"category","embeddable":true,"href":"https:\/\/elrotativo.com.mx\/portal\/wp-json\/wp\/v2\/categories?post=29068"},{"taxonomy":"post_tag","embeddable":true,"href":"https:\/\/elrotativo.com.mx\/portal\/wp-json\/wp\/v2\/tags?post=29068"}],"curies":[{"name":"wp","href":"https:\/\/api.w.org\/{rel}","templated":true}]}}