{"id":29055,"date":"2026-09-03T18:02:06","date_gmt":"2026-09-04T00:02:06","guid":{"rendered":"https:\/\/elrotativo.com.mx\/portal\/?p=29055"},"modified":"2026-09-03T18:02:08","modified_gmt":"2026-09-04T00:02:08","slug":"upn-alerta-por-riesgo-de-perder-recursos-para-estimulos-laborales","status":"publish","type":"post","link":"https:\/\/elrotativo.com.mx\/portal\/upn-alerta-por-riesgo-de-perder-recursos-para-estimulos-laborales\/","title":{"rendered":"UPN alerta por riesgo de perder recursos para est\u00edmulos laborales"},"content":{"rendered":"\n<p class=\"wp-block-paragraph\">Trabajadores mantienen paro de brazos ca\u00eddos y advierten que podr\u00edan llevar protesta a Xalapa<\/p>\n\n\n\n<p class=\"wp-block-paragraph\">R\u00edo Blanco, Ver.- Trabajadores de la Universidad Pedag\u00f3gica Nacional (UPN) Unidad 304 de Orizaba, con sede en R\u00edo Blanco, advirtieron sobre el riesgo de que los recursos federales destinados al pago de est\u00edmulos y prestaciones laborales sean reintegrados a la Federaci\u00f3n al cierre del ejercicio fiscal 2026, ante la falta de aplicaci\u00f3n de diversos conceptos que, aseguran, corresponden a derechos adquiridos.<\/p>\n\n\n\n<p class=\"wp-block-paragraph\">Durante una rueda de prensa, Rafael Serrano, secretario de Finanzas; Marco Alfredo Baz\u00e1n Flores, secretario de Organizaci\u00f3n; Miguel \u00c1ngel Gonz\u00e1lez Rivera, secretario de Trabajo y Conflictos; Leticia Rojas Herrera, de Escalaf\u00f3n, y Rosa Mayra Reyes Meneses, secretaria general suplente, se\u00f1alaron que desde marzo han presentado oficios, minutas y documentaci\u00f3n para solicitar el cumplimiento de prestaciones como fomento administrativo y docente, est\u00edmulos por antig\u00fcedad, nivelaci\u00f3n salarial y apoyos para personal directivo.<\/p>\n\n\n\n<p class=\"wp-block-paragraph\">Gonz\u00e1lez Rivera explic\u00f3 que una de las principales preocupaciones es que el presupuesto asignado para estos conceptos no sea ejercido antes de concluir el a\u00f1o y tenga que ser devuelto a la Federaci\u00f3n. Consider\u00f3 que esto podr\u00eda generar incertidumbre presupuestal para ejercicios posteriores, pues los recursos no ejercidos podr\u00edan ser interpretados como una falta de necesidad financiera para la instituci\u00f3n.<\/p>\n\n\n\n<p class=\"wp-block-paragraph\">Los representantes sindicales cuestionaron adem\u00e1s que las propias autoridades administrativas les hayan solicitado informaci\u00f3n para justificar determinados pagos, cuando, se\u00f1alaron, las \u00e1reas responsables deber\u00edan contar con los elementos necesarios para determinar las prestaciones que corresponden al personal y los mecanismos para cubrirlas.<\/p>\n\n\n\n<p class=\"wp-block-paragraph\">Tambi\u00e9n reprocharon la falta de funcionarios con capacidad de decisi\u00f3n en las mesas de di\u00e1logo. Indicaron que representantes de las cinco unidades de la UPN en Veracruz, Coatzacoalcos, Poza Rica, Veracruz, Xalapa y Orizaba, han participado en reuniones sin alcanzar acuerdos concretos. Asimismo, cuestionaron la actuaci\u00f3n de la directora estatal de la UPN, Y\u00e9sica Est\u00e9vez, y la postura del oficial mayor de la Secretar\u00eda de Educaci\u00f3n de Veracruz, Jos\u00e9 Ram\u00f3n Cardona Mendoza.Ante la falta de una soluci\u00f3n, los trabajadores mantienen desde el 1 de septiembre un paro de brazos ca\u00eddos, situaci\u00f3n que afecta actividades acad\u00e9micas y administrativas de alrededor de 700 estudiantes, incluidos alumnos en proceso de titulaci\u00f3n, servicio social y pr\u00e1cticas profesionales.<\/p>\n\n\n\n<p class=\"wp-block-paragraph\">Los sindicalistas adelantaron que recurrir\u00e1n a argumentos jur\u00eddicos para defender los pagos y complementos salariales que consideran derechos adquiridos y no descartaron trasladar sus protestas a Xalapa. Incluso, se\u00f1alaron que analizan la posibilidad de realizar un paro indefinido si las autoridades estatales y federales no presentan una respuesta.Finalmente, hicieron un llamado a las autoridades para revisar el manejo de los recursos y garantizar que el presupuesto destinado a las prestaciones sea ejercido antes del cierre fiscal. <\/p>\n\n\n\n<p class=\"wp-block-paragraph\">\u201cNo estamos pidiendo regalos ni privilegios\u201d, se\u00f1alaron, sino el cumplimiento de derechos laborales que, afirmaron, han sido reconocidos y pagados durante a\u00f1os.<\/p>\n","protected":false},"excerpt":{"rendered":"<p>Trabajadores mantienen paro de brazos ca\u00eddos y advierten que podr\u00edan llevar protesta a Xalapa R\u00edo Blanco, Ver.- Trabajadores de la Universidad Pedag\u00f3gica Nacional (UPN) Unidad 304 de Orizaba, con sede en R\u00edo Blanco, advirtieron sobre el riesgo de que los recursos federales destinados al pago de est\u00edmulos y prestaciones laborales sean reintegrados a la Federaci\u00f3n [&hellip;]<\/p>\n","protected":false},"author":6,"featured_media":29057,"comment_status":"closed","ping_status":"open","sticky":false,"template":"","format":"standard","meta":{"tdm_status":"","tdm_grid_status":"","footnotes":""},"categories":[26,10],"tags":[],"class_list":["post-29055","post","type-post","status-publish","format-standard","has-post-thumbnail","category-destacada-4","category-local-regional"],"_links":{"self":[{"href":"https:\/\/elrotativo.com.mx\/portal\/wp-json\/wp\/v2\/posts\/29055","targetHints":{"allow":["GET"]}}],"collection":[{"href":"https:\/\/elrotativo.com.mx\/portal\/wp-json\/wp\/v2\/posts"}],"about":[{"href":"https:\/\/elrotativo.com.mx\/portal\/wp-json\/wp\/v2\/types\/post"}],"author":[{"embeddable":true,"href":"https:\/\/elrotativo.com.mx\/portal\/wp-json\/wp\/v2\/users\/6"}],"replies":[{"embeddable":true,"href":"https:\/\/elrotativo.com.mx\/portal\/wp-json\/wp\/v2\/comments?post=29055"}],"version-history":[{"count":1,"href":"https:\/\/elrotativo.com.mx\/portal\/wp-json\/wp\/v2\/posts\/29055\/revisions"}],"predecessor-version":[{"id":29058,"href":"https:\/\/elrotativo.com.mx\/portal\/wp-json\/wp\/v2\/posts\/29055\/revisions\/29058"}],"wp:featuredmedia":[{"embeddable":true,"href":"https:\/\/elrotativo.com.mx\/portal\/wp-json\/wp\/v2\/media\/29057"}],"wp:attachment":[{"href":"https:\/\/elrotativo.com.mx\/portal\/wp-json\/wp\/v2\/media?parent=29055"}],"wp:term":[{"taxonomy":"category","embeddable":true,"href":"https:\/\/elrotativo.com.mx\/portal\/wp-json\/wp\/v2\/categories?post=29055"},{"taxonomy":"post_tag","embeddable":true,"href":"https:\/\/elrotativo.com.mx\/portal\/wp-json\/wp\/v2\/tags?post=29055"}],"curies":[{"name":"wp","href":"https:\/\/api.w.org\/{rel}","templated":true}]}}