{"id":29052,"date":"2026-09-03T14:40:08","date_gmt":"2026-09-03T20:40:08","guid":{"rendered":"https:\/\/elrotativo.com.mx\/portal\/?p=29052"},"modified":"2026-09-03T14:40:09","modified_gmt":"2026-09-03T20:40:09","slug":"estudiantes-de-medicina-mantienen-paro-exigen-destitucion-del-director-de-la-uv","status":"publish","type":"post","link":"https:\/\/elrotativo.com.mx\/portal\/estudiantes-de-medicina-mantienen-paro-exigen-destitucion-del-director-de-la-uv\/","title":{"rendered":"Estudiantes de Medicina mantienen paro; exigen destituci\u00f3n del director de la UV"},"content":{"rendered":"\n<p class=\"wp-block-paragraph\"> Camerino Z Mendoza, Ver.- A dos d\u00edas de haber tomado las instalaciones de la Facultad de Medicina de la Universidad Veracruzana (UV), estudiantes mantienen el paro de labores y demandan una respuesta formal a su pliego petitorio de 24 p\u00e1ginas, cuya principal exigencia es la destituci\u00f3n del director del plantel.Guadalupe Estrada, suplente de la consejer\u00eda alumna, explic\u00f3 que el movimiento inici\u00f3 la ma\u00f1ana del martes, cuando un grupo de estudiantes tom\u00f3 las instalaciones y posteriormente entreg\u00f3 el documento a sus representantes estudiantiles, quienes decidieron respaldar las demandas y fungir como intermediarios ante las autoridades universitarias.Se\u00f1al\u00f3 que, adem\u00e1s de la destituci\u00f3n del director, el pliego contempla diversas carencias relacionadas con las condiciones en que los j\u00f3venes desarrollan sus actividades acad\u00e9micas, entre ellas la falta de papel higi\u00e9nico, jab\u00f3n y agua en los sanitarios, problemas de conectividad a internet, mobiliario insuficiente, as\u00ed como mayores apoyos para actividades deportivas y atenci\u00f3n a la salud mental.<\/p>\n\n\n\n<p class=\"wp-block-paragraph\">\u201cNo estamos pidiendo lujos, estamos pidiendo necesidades\u201d, sostuvo el representante, al se\u00f1alar que varias de estas situaciones ya hab\u00edan sido planteadas con anterioridad sin que, a su consideraci\u00f3n, se hayan resuelto de manera definitiva.Estrada afirm\u00f3 que hasta este jueves no hab\u00edan recibido una respuesta concreta y que los acercamientos que han intentado establecer con la Vicerrector\u00eda y la Rector\u00eda de la UV no han prosperado. A\u00f1adi\u00f3 que una de las principales demandas es que el rector Mart\u00edn Aguilar acuda personalmente a la facultad para instalar mesas de di\u00e1logo con los estudiantes.<\/p>\n\n\n\n<p class=\"wp-block-paragraph\">El representante tambi\u00e9n cuestion\u00f3 las condiciones en las que permanecen los j\u00f3venes durante la protesta, al se\u00f1alar que las autoridades universitarias no permitieron la apertura del inmueble pese a que ella y la consejera alumna se ofrecieron como responsables. Indic\u00f3 que los estudiantes han permanecido a la intemperie, sin electricidad, ba\u00f1os ni mobiliario suficiente, situaci\u00f3n que, consider\u00f3, podr\u00eda estar debilitando el movimiento.<\/p>\n\n\n\n<p class=\"wp-block-paragraph\">Ante la falta de acuerdos, los estudiantes advirtieron que el paro podr\u00eda mantenerse por tiempo indefinido hasta obtener una respuesta a sus demandas. Estrada destac\u00f3 adem\u00e1s el respaldo recibido por autoridades municipales y por el padre Marcos, quienes, dijo, han proporcionado sillas y materiales para proteger a los manifestantes de las condiciones clim\u00e1ticas.<\/p>\n","protected":false},"excerpt":{"rendered":"<p>Camerino Z Mendoza, Ver.- A dos d\u00edas de haber tomado las instalaciones de la Facultad de Medicina de la Universidad Veracruzana (UV), estudiantes mantienen el paro de labores y demandan una respuesta formal a su pliego petitorio de 24 p\u00e1ginas, cuya principal exigencia es la destituci\u00f3n del director del plantel.Guadalupe Estrada, suplente de la consejer\u00eda [&hellip;]<\/p>\n","protected":false},"author":6,"featured_media":29053,"comment_status":"closed","ping_status":"open","sticky":false,"template":"","format":"standard","meta":{"tdm_status":"","tdm_grid_status":"","footnotes":""},"categories":[26,10],"tags":[],"class_list":["post-29052","post","type-post","status-publish","format-standard","has-post-thumbnail","category-destacada-4","category-local-regional"],"_links":{"self":[{"href":"https:\/\/elrotativo.com.mx\/portal\/wp-json\/wp\/v2\/posts\/29052","targetHints":{"allow":["GET"]}}],"collection":[{"href":"https:\/\/elrotativo.com.mx\/portal\/wp-json\/wp\/v2\/posts"}],"about":[{"href":"https:\/\/elrotativo.com.mx\/portal\/wp-json\/wp\/v2\/types\/post"}],"author":[{"embeddable":true,"href":"https:\/\/elrotativo.com.mx\/portal\/wp-json\/wp\/v2\/users\/6"}],"replies":[{"embeddable":true,"href":"https:\/\/elrotativo.com.mx\/portal\/wp-json\/wp\/v2\/comments?post=29052"}],"version-history":[{"count":1,"href":"https:\/\/elrotativo.com.mx\/portal\/wp-json\/wp\/v2\/posts\/29052\/revisions"}],"predecessor-version":[{"id":29054,"href":"https:\/\/elrotativo.com.mx\/portal\/wp-json\/wp\/v2\/posts\/29052\/revisions\/29054"}],"wp:featuredmedia":[{"embeddable":true,"href":"https:\/\/elrotativo.com.mx\/portal\/wp-json\/wp\/v2\/media\/29053"}],"wp:attachment":[{"href":"https:\/\/elrotativo.com.mx\/portal\/wp-json\/wp\/v2\/media?parent=29052"}],"wp:term":[{"taxonomy":"category","embeddable":true,"href":"https:\/\/elrotativo.com.mx\/portal\/wp-json\/wp\/v2\/categories?post=29052"},{"taxonomy":"post_tag","embeddable":true,"href":"https:\/\/elrotativo.com.mx\/portal\/wp-json\/wp\/v2\/tags?post=29052"}],"curies":[{"name":"wp","href":"https:\/\/api.w.org\/{rel}","templated":true}]}}