{"id":29045,"date":"2026-09-02T13:48:16","date_gmt":"2026-09-02T19:48:16","guid":{"rendered":"https:\/\/elrotativo.com.mx\/portal\/?p=29045"},"modified":"2026-09-02T13:48:17","modified_gmt":"2026-09-02T19:48:17","slug":"taxistas-bloquean-accesos-a-cordoba-exigen-frenar-operativos","status":"publish","type":"post","link":"https:\/\/elrotativo.com.mx\/portal\/taxistas-bloquean-accesos-a-cordoba-exigen-frenar-operativos\/","title":{"rendered":"Taxistas bloquean accesos a C\u00f3rdoba; exigen frenar operativos"},"content":{"rendered":"\n<p class=\"wp-block-paragraph\">C\u00f3rdoba, Ver.- Taxistas de C\u00f3rdoba y municipios de la regi\u00f3n mantienen concentradas sus unidades en distintos puntos de la ciudad, como parte de la movilizaci\u00f3n convocada para este mi\u00e9rcoles 2 de septiembre, en protesta por los recientes operativos implementados por autoridades de Transporte P\u00fablico, Seguridad P\u00fablica y Marina.<\/p>\n\n\n\n<p class=\"wp-block-paragraph\">Los trabajadores del volante se\u00f1alaron que estos operativos han derivado en el retiro de unidades y la aplicaci\u00f3n de multas por presuntas irregularidades relacionadas con documentaci\u00f3n, placas, verificaci\u00f3n y otros requisitos. Sin embargo, aseguraron que parte de los documentos que les son exigidos permanecen pendientes de entrega por parte de las propias autoridades.Los representantes del gremio cuestionaron que se realicen operativos mientras contin\u00faa pendiente el proceso de regularizaci\u00f3n del transporte en la modalidad de taxi, cuya aplicaci\u00f3n, afirmaron, fue anunciada para 2027. <\/p>\n\n\n\n<p class=\"wp-block-paragraph\">Tambi\u00e9n reclamaron que las acciones de vigilancia no se realizan de manera equitativa y exigieron que las mismas medidas se apliquen a las plataformas de transporte.Entre sus principales demandas se encuentra la instalaci\u00f3n de una mesa de trabajo con el director general de Transporte P\u00fablico para revisar los tr\u00e1mites y sanciones pendientes. <\/p>\n\n\n\n<p class=\"wp-block-paragraph\">Asimismo, solicitaron la destituci\u00f3n del subdirector de Transporte, Jonathan Cabrales, a quien atribuyen parte de las problem\u00e1ticas que enfrenta actualmente el sector.Los taxistas advirtieron que mantendr\u00e1n la movilizaci\u00f3n hasta obtener una respuesta de las autoridades, por lo que permanecen bloqueados diversos accesos y vialidades de C\u00f3rdoba. <\/p>\n\n\n\n<p class=\"wp-block-paragraph\">La protesta genera afectaciones a la circulaci\u00f3n en la ciudad y municipios aleda\u00f1os, por lo que se recomienda a los automovilistas tomar precauciones y utilizar v\u00edas alternas.<\/p>\n","protected":false},"excerpt":{"rendered":"<p>C\u00f3rdoba, Ver.- Taxistas de C\u00f3rdoba y municipios de la regi\u00f3n mantienen concentradas sus unidades en distintos puntos de la ciudad, como parte de la movilizaci\u00f3n convocada para este mi\u00e9rcoles 2 de septiembre, en protesta por los recientes operativos implementados por autoridades de Transporte P\u00fablico, Seguridad P\u00fablica y Marina. Los trabajadores del volante se\u00f1alaron que estos [&hellip;]<\/p>\n","protected":false},"author":6,"featured_media":29046,"comment_status":"closed","ping_status":"open","sticky":false,"template":"","format":"standard","meta":{"tdm_status":"","tdm_grid_status":"","footnotes":""},"categories":[26,10],"tags":[],"class_list":["post-29045","post","type-post","status-publish","format-standard","has-post-thumbnail","category-destacada-4","category-local-regional"],"_links":{"self":[{"href":"https:\/\/elrotativo.com.mx\/portal\/wp-json\/wp\/v2\/posts\/29045","targetHints":{"allow":["GET"]}}],"collection":[{"href":"https:\/\/elrotativo.com.mx\/portal\/wp-json\/wp\/v2\/posts"}],"about":[{"href":"https:\/\/elrotativo.com.mx\/portal\/wp-json\/wp\/v2\/types\/post"}],"author":[{"embeddable":true,"href":"https:\/\/elrotativo.com.mx\/portal\/wp-json\/wp\/v2\/users\/6"}],"replies":[{"embeddable":true,"href":"https:\/\/elrotativo.com.mx\/portal\/wp-json\/wp\/v2\/comments?post=29045"}],"version-history":[{"count":1,"href":"https:\/\/elrotativo.com.mx\/portal\/wp-json\/wp\/v2\/posts\/29045\/revisions"}],"predecessor-version":[{"id":29047,"href":"https:\/\/elrotativo.com.mx\/portal\/wp-json\/wp\/v2\/posts\/29045\/revisions\/29047"}],"wp:featuredmedia":[{"embeddable":true,"href":"https:\/\/elrotativo.com.mx\/portal\/wp-json\/wp\/v2\/media\/29046"}],"wp:attachment":[{"href":"https:\/\/elrotativo.com.mx\/portal\/wp-json\/wp\/v2\/media?parent=29045"}],"wp:term":[{"taxonomy":"category","embeddable":true,"href":"https:\/\/elrotativo.com.mx\/portal\/wp-json\/wp\/v2\/categories?post=29045"},{"taxonomy":"post_tag","embeddable":true,"href":"https:\/\/elrotativo.com.mx\/portal\/wp-json\/wp\/v2\/tags?post=29045"}],"curies":[{"name":"wp","href":"https:\/\/api.w.org\/{rel}","templated":true}]}}