{"id":29042,"date":"2026-09-02T12:09:46","date_gmt":"2026-09-02T18:09:46","guid":{"rendered":"https:\/\/elrotativo.com.mx\/portal\/?p=29042"},"modified":"2026-09-02T12:09:47","modified_gmt":"2026-09-02T18:09:47","slug":"taxistas-levantan-bloqueos-tras-lograr-suspension-de-operativos-en-cordoba","status":"publish","type":"post","link":"https:\/\/elrotativo.com.mx\/portal\/taxistas-levantan-bloqueos-tras-lograr-suspension-de-operativos-en-cordoba\/","title":{"rendered":"Taxistas levantan bloqueos tras lograr suspensi\u00f3n de operativos en C\u00f3rdoba"},"content":{"rendered":"\n<p class=\"wp-block-paragraph\">C\u00f3rdoba, Ver.- Minutos antes del mediod\u00eda, taxistas de C\u00f3rdoba y municipios de la regi\u00f3n acordaron levantar los bloqueos que manten\u00edan en distintos puntos de la ciudad, luego de alcanzar acuerdos con autoridades estatales para suspender los operativos de revisi\u00f3n que hab\u00edan generado inconformidad entre el gremio.<\/p>\n\n\n\n<p class=\"wp-block-paragraph\">De acuerdo con los representantes de los trabajadores del volante, durante una reuni\u00f3n con el director de Asuntos Internos de Seguridad P\u00fablica del Estado se expuso que parte de las irregularidades detectadas en las unidades, particularmente la falta de placas y documentaci\u00f3n, corresponden a un problema administrativo relacionado con la Direcci\u00f3n General de Transporte.<\/p>\n\n\n\n<p class=\"wp-block-paragraph\">Como resultado del encuentro, se instruy\u00f3 la suspensi\u00f3n de los operativos de revisi\u00f3n a los taxis, mientras se atienden los tr\u00e1mites pendientes. Los representantes se\u00f1alaron que el proceso de regularizaci\u00f3n del transporte en la modalidad de taxi comenzar\u00e1 en 2027, por lo que consideraron que las revisiones relacionadas con dicha documentaci\u00f3n no deber\u00edan generar sanciones mientras concluyen los procedimientos administrativos.<\/p>\n\n\n\n<p class=\"wp-block-paragraph\">Asimismo, se acord\u00f3 realizar una reuni\u00f3n de trabajo en Xalapa este viernes, en la que participar\u00e1n dirigentes y representantes de las organizaciones de taxistas para dar seguimiento a los tr\u00e1mites pendientes y buscar agilizar la entrega de placas y documentaci\u00f3n. Entre los problemas se\u00f1alados se encuentran tambi\u00e9n procedimientos relacionados con poderes notariales que han retrasado diversos tr\u00e1mites.<\/p>\n\n\n\n<p class=\"wp-block-paragraph\">Tras los acuerdos, los taxistas comenzaron a retirar sus unidades de los puntos de bloqueo y se restableci\u00f3 paulatinamente la circulaci\u00f3n en vialidades como los bulevares C\u00f3rdoba-Pe\u00f1uela, C\u00f3rdoba-Fort\u00edn y Tratados de C\u00f3rdoba. Los dirigentes ofrecieron una disculpa a la ciudadan\u00eda por las afectaciones ocasionadas y se\u00f1alaron que la movilizaci\u00f3n represent\u00f3 a cerca del 80 por ciento de los taxistas de C\u00f3rdoba.<\/p>\n\n\n\n<p class=\"wp-block-paragraph\">Los representantes del gremio tambi\u00e9n informaron que recibieron un n\u00famero de contacto de la Unidad de Asuntos Internos para que los conductores puedan reportar cualquier presunto abuso o irregularidad durante futuras intervenciones de elementos de seguridad.<\/p>\n","protected":false},"excerpt":{"rendered":"<p>C\u00f3rdoba, Ver.- Minutos antes del mediod\u00eda, taxistas de C\u00f3rdoba y municipios de la regi\u00f3n acordaron levantar los bloqueos que manten\u00edan en distintos puntos de la ciudad, luego de alcanzar acuerdos con autoridades estatales para suspender los operativos de revisi\u00f3n que hab\u00edan generado inconformidad entre el gremio. De acuerdo con los representantes de los trabajadores del [&hellip;]<\/p>\n","protected":false},"author":6,"featured_media":29043,"comment_status":"closed","ping_status":"open","sticky":false,"template":"","format":"standard","meta":{"tdm_status":"","tdm_grid_status":"","footnotes":""},"categories":[25,26,10],"tags":[],"class_list":["post-29042","post","type-post","status-publish","format-standard","has-post-thumbnail","category-destacada-1","category-destacada-4","category-local-regional"],"_links":{"self":[{"href":"https:\/\/elrotativo.com.mx\/portal\/wp-json\/wp\/v2\/posts\/29042","targetHints":{"allow":["GET"]}}],"collection":[{"href":"https:\/\/elrotativo.com.mx\/portal\/wp-json\/wp\/v2\/posts"}],"about":[{"href":"https:\/\/elrotativo.com.mx\/portal\/wp-json\/wp\/v2\/types\/post"}],"author":[{"embeddable":true,"href":"https:\/\/elrotativo.com.mx\/portal\/wp-json\/wp\/v2\/users\/6"}],"replies":[{"embeddable":true,"href":"https:\/\/elrotativo.com.mx\/portal\/wp-json\/wp\/v2\/comments?post=29042"}],"version-history":[{"count":1,"href":"https:\/\/elrotativo.com.mx\/portal\/wp-json\/wp\/v2\/posts\/29042\/revisions"}],"predecessor-version":[{"id":29044,"href":"https:\/\/elrotativo.com.mx\/portal\/wp-json\/wp\/v2\/posts\/29042\/revisions\/29044"}],"wp:featuredmedia":[{"embeddable":true,"href":"https:\/\/elrotativo.com.mx\/portal\/wp-json\/wp\/v2\/media\/29043"}],"wp:attachment":[{"href":"https:\/\/elrotativo.com.mx\/portal\/wp-json\/wp\/v2\/media?parent=29042"}],"wp:term":[{"taxonomy":"category","embeddable":true,"href":"https:\/\/elrotativo.com.mx\/portal\/wp-json\/wp\/v2\/categories?post=29042"},{"taxonomy":"post_tag","embeddable":true,"href":"https:\/\/elrotativo.com.mx\/portal\/wp-json\/wp\/v2\/tags?post=29042"}],"curies":[{"name":"wp","href":"https:\/\/api.w.org\/{rel}","templated":true}]}}