{"id":29039,"date":"2026-09-01T19:56:18","date_gmt":"2026-09-02T01:56:18","guid":{"rendered":"https:\/\/elrotativo.com.mx\/portal\/?p=29039"},"modified":"2026-09-01T19:56:19","modified_gmt":"2026-09-02T01:56:19","slug":"vecinos-retienen-y-amarran-a-un-hombre-a-un-poste-ante-presunta-ola-de-robos","status":"publish","type":"post","link":"https:\/\/elrotativo.com.mx\/portal\/vecinos-retienen-y-amarran-a-un-hombre-a-un-poste-ante-presunta-ola-de-robos\/","title":{"rendered":"Vecinos retienen y amarran a un hombre a un poste ante presunta ola de robos"},"content":{"rendered":"\n<p class=\"wp-block-paragraph\"> Fort\u00edn, Ver.\u2013 Ante el hartazgo por los hechos delictivos registrados en la zona lim\u00edtrofe entre Fort\u00edn y C\u00f3rdoba, vecinos de Lomas de San Marcial y la calzada Morelos retuvieron este martes a un hombre, a quien amarraron a un poste y dejaron sin camisa, en un acto de justicia por propia mano.<\/p>\n\n\n\n<p class=\"wp-block-paragraph\">Los hechos ocurrieron durante la tarde, cuando habitantes de ese sector sorprendieron y retuvieron al individuo, por lo que solicitaron la intervenci\u00f3n de las autoridades a trav\u00e9s del n\u00famero de emergencias.<\/p>\n\n\n\n<p class=\"wp-block-paragraph\">Al lugar arribaron elementos de la Polic\u00eda Estatal, quienes intervinieron para controlar la situaci\u00f3n, desataron al hombre y lo trasladaron a bordo de una unidad oficial, con el prop\u00f3sito de ponerlo a disposici\u00f3n de las autoridades correspondientes.Asimismo, se solicit\u00f3 el apoyo de grupos de emergencia para realizar una valoraci\u00f3n m\u00e9dica del individuo y determinar si presentaba alguna lesi\u00f3n derivada de la retenci\u00f3n.<\/p>\n\n\n\n<p class=\"wp-block-paragraph\">De manera extraoficial, vecinos se\u00f1alaron que el hombre podr\u00eda estar relacionado con algunos de los robos registrados durante las \u00faltimas semanas en comercios de este sector; sin embargo, hasta el momento no existe una confirmaci\u00f3n oficial sobre su participaci\u00f3n en estos hechos, por lo que corresponder\u00e1 a las autoridades ministeriales determinar su situaci\u00f3n jur\u00eddica.<\/p>\n","protected":false},"excerpt":{"rendered":"<p>Fort\u00edn, Ver.\u2013 Ante el hartazgo por los hechos delictivos registrados en la zona lim\u00edtrofe entre Fort\u00edn y C\u00f3rdoba, vecinos de Lomas de San Marcial y la calzada Morelos retuvieron este martes a un hombre, a quien amarraron a un poste y dejaron sin camisa, en un acto de justicia por propia mano. Los hechos ocurrieron [&hellip;]<\/p>\n","protected":false},"author":6,"featured_media":29040,"comment_status":"closed","ping_status":"open","sticky":false,"template":"","format":"standard","meta":{"tdm_status":"","tdm_grid_status":"","footnotes":""},"categories":[26,10],"tags":[],"class_list":["post-29039","post","type-post","status-publish","format-standard","has-post-thumbnail","category-destacada-4","category-local-regional"],"_links":{"self":[{"href":"https:\/\/elrotativo.com.mx\/portal\/wp-json\/wp\/v2\/posts\/29039","targetHints":{"allow":["GET"]}}],"collection":[{"href":"https:\/\/elrotativo.com.mx\/portal\/wp-json\/wp\/v2\/posts"}],"about":[{"href":"https:\/\/elrotativo.com.mx\/portal\/wp-json\/wp\/v2\/types\/post"}],"author":[{"embeddable":true,"href":"https:\/\/elrotativo.com.mx\/portal\/wp-json\/wp\/v2\/users\/6"}],"replies":[{"embeddable":true,"href":"https:\/\/elrotativo.com.mx\/portal\/wp-json\/wp\/v2\/comments?post=29039"}],"version-history":[{"count":1,"href":"https:\/\/elrotativo.com.mx\/portal\/wp-json\/wp\/v2\/posts\/29039\/revisions"}],"predecessor-version":[{"id":29041,"href":"https:\/\/elrotativo.com.mx\/portal\/wp-json\/wp\/v2\/posts\/29039\/revisions\/29041"}],"wp:featuredmedia":[{"embeddable":true,"href":"https:\/\/elrotativo.com.mx\/portal\/wp-json\/wp\/v2\/media\/29040"}],"wp:attachment":[{"href":"https:\/\/elrotativo.com.mx\/portal\/wp-json\/wp\/v2\/media?parent=29039"}],"wp:term":[{"taxonomy":"category","embeddable":true,"href":"https:\/\/elrotativo.com.mx\/portal\/wp-json\/wp\/v2\/categories?post=29039"},{"taxonomy":"post_tag","embeddable":true,"href":"https:\/\/elrotativo.com.mx\/portal\/wp-json\/wp\/v2\/tags?post=29039"}],"curies":[{"name":"wp","href":"https:\/\/api.w.org\/{rel}","templated":true}]}}