{"id":29025,"date":"2026-09-01T19:38:31","date_gmt":"2026-09-02T01:38:31","guid":{"rendered":"https:\/\/elrotativo.com.mx\/portal\/?p=29025"},"modified":"2026-09-01T19:38:32","modified_gmt":"2026-09-02T01:38:32","slug":"chocan-policias-de-atzacan-contra-automovil-hay-dos-lesionados","status":"publish","type":"post","link":"https:\/\/elrotativo.com.mx\/portal\/chocan-policias-de-atzacan-contra-automovil-hay-dos-lesionados\/","title":{"rendered":"Chocan polic\u00edas de Atzacan contra autom\u00f3vil; hay dos lesionados"},"content":{"rendered":"\n<p class=\"wp-block-paragraph\">Orizaba, Ver.- Dos elementos de la Polic\u00eda Municipal de Santa Ana Atzacan resultaron lesionados la ma\u00f1ana de este martes, luego de que la motocicleta en la que viajaban fuera impactada por un autom\u00f3vil sobre la carretera Orizaba-Atzacan, en los l\u00edmites con Mariano Escobedo.El accidente ocurri\u00f3 a la altura del fraccionamiento Jardines 2, cuando los polic\u00edas, se dirig\u00edan a la comandancia para iniciar su turno. De acuerdo con los primeros reportes, la conductora de un Nissan Sentra blanco habr\u00eda ingresado a la v\u00eda sin la debida precauci\u00f3n, cortando la circulaci\u00f3n a los motociclistas.El impacto provoc\u00f3 que ambos ocupantes de la motocicleta resultaran lesionados. Al sitio acudieron elementos de Protecci\u00f3n Civil de Mariano Escobedo y Orizaba, quienes les brindaron los primeros auxilios y posteriormente realizaron su traslado al Hospital IMSS-Bienestar de R\u00edo Blanco.La mujer polic\u00eda present\u00f3 una fractura en una de sus piernas, por lo que requiri\u00f3 atenci\u00f3n m\u00e9dica, mientras que su compa\u00f1ero sufri\u00f3 lesiones menores. Elementos de la Polic\u00eda Vial acudieron al lugar para realizar el peritaje correspondiente y determinar las causas del accidente, as\u00ed como deslindar responsabilidades por los da\u00f1os materiales. La conductora del autom\u00f3vil qued\u00f3 a disposici\u00f3n de las autoridades para las diligencias correspondientes.<\/p>\n","protected":false},"excerpt":{"rendered":"<p>Orizaba, Ver.- Dos elementos de la Polic\u00eda Municipal de Santa Ana Atzacan resultaron lesionados la ma\u00f1ana de este martes, luego de que la motocicleta en la que viajaban fuera impactada por un autom\u00f3vil sobre la carretera Orizaba-Atzacan, en los l\u00edmites con Mariano Escobedo.El accidente ocurri\u00f3 a la altura del fraccionamiento Jardines 2, cuando los polic\u00edas, [&hellip;]<\/p>\n","protected":false},"author":6,"featured_media":29026,"comment_status":"closed","ping_status":"open","sticky":false,"template":"","format":"standard","meta":{"tdm_status":"","tdm_grid_status":"","footnotes":""},"categories":[26,10],"tags":[],"class_list":["post-29025","post","type-post","status-publish","format-standard","has-post-thumbnail","category-destacada-4","category-local-regional"],"_links":{"self":[{"href":"https:\/\/elrotativo.com.mx\/portal\/wp-json\/wp\/v2\/posts\/29025","targetHints":{"allow":["GET"]}}],"collection":[{"href":"https:\/\/elrotativo.com.mx\/portal\/wp-json\/wp\/v2\/posts"}],"about":[{"href":"https:\/\/elrotativo.com.mx\/portal\/wp-json\/wp\/v2\/types\/post"}],"author":[{"embeddable":true,"href":"https:\/\/elrotativo.com.mx\/portal\/wp-json\/wp\/v2\/users\/6"}],"replies":[{"embeddable":true,"href":"https:\/\/elrotativo.com.mx\/portal\/wp-json\/wp\/v2\/comments?post=29025"}],"version-history":[{"count":1,"href":"https:\/\/elrotativo.com.mx\/portal\/wp-json\/wp\/v2\/posts\/29025\/revisions"}],"predecessor-version":[{"id":29027,"href":"https:\/\/elrotativo.com.mx\/portal\/wp-json\/wp\/v2\/posts\/29025\/revisions\/29027"}],"wp:featuredmedia":[{"embeddable":true,"href":"https:\/\/elrotativo.com.mx\/portal\/wp-json\/wp\/v2\/media\/29026"}],"wp:attachment":[{"href":"https:\/\/elrotativo.com.mx\/portal\/wp-json\/wp\/v2\/media?parent=29025"}],"wp:term":[{"taxonomy":"category","embeddable":true,"href":"https:\/\/elrotativo.com.mx\/portal\/wp-json\/wp\/v2\/categories?post=29025"},{"taxonomy":"post_tag","embeddable":true,"href":"https:\/\/elrotativo.com.mx\/portal\/wp-json\/wp\/v2\/tags?post=29025"}],"curies":[{"name":"wp","href":"https:\/\/api.w.org\/{rel}","templated":true}]}}