{"id":29022,"date":"2026-09-01T12:57:46","date_gmt":"2026-09-01T18:57:46","guid":{"rendered":"https:\/\/elrotativo.com.mx\/portal\/?p=29022"},"modified":"2026-09-01T12:57:48","modified_gmt":"2026-09-01T18:57:48","slug":"paro-en-la-upn-304-de-orizaba-suspende-clases-docentes-exigen-pagos-y-derechos-laborales","status":"publish","type":"post","link":"https:\/\/elrotativo.com.mx\/portal\/paro-en-la-upn-304-de-orizaba-suspende-clases-docentes-exigen-pagos-y-derechos-laborales\/","title":{"rendered":"Paro en la UPN 304 de Orizaba suspende clases; docentes exigen pagos y derechos laborales"},"content":{"rendered":"\n<p class=\"wp-block-paragraph\">R\u00edo Blanco, Ver.\u2014 Las actividades acad\u00e9micas en la Universidad Pedag\u00f3gica Nacional (UPN) 304 de Orizaba se encuentran suspendidas este martes, como parte de un paro de brazos ca\u00eddos realizado de manera simult\u00e1nea en las unidades de la instituci\u00f3n en Veracruz, en demanda del cumplimiento de diversos derechos laborales.<\/p>\n\n\n\n<p class=\"wp-block-paragraph\">Rafael Serrano Garc\u00eda, docente y representante de la delegaci\u00f3n de la UPN 304 de Orizaba, con la cartera de Tesorer\u00eda, explic\u00f3 que el personal mantiene un pliego petitorio con cinco demandas, entre las que destaca el pago del fomento a la docencia, prestaci\u00f3n que, afirm\u00f3, est\u00e1 contemplada por ley y que permanece pendiente para los trabajadores.<\/p>\n\n\n\n<p class=\"wp-block-paragraph\">Se\u00f1al\u00f3 que el movimiento se realiza tambi\u00e9n en las unidades de Veracruz, Poza Rica, Coatzacoalcos y Xalapa, donde los trabajadores determinaron iniciar este martes un paro de brazos ca\u00eddos. La continuidad de la protesta depender\u00e1 de la respuesta que reciban de las autoridades.<\/p>\n\n\n\n<p class=\"wp-block-paragraph\">Serrano Garc\u00eda explic\u00f3 que, de no existir una soluci\u00f3n favorable, los trabajadores podr\u00edan acordar nuevas acciones a partir de este mi\u00e9rcoles, entre ellas ampliar los horarios del paro y, posteriormente, llegar a una suspensi\u00f3n indefinida de labores si sus demandas contin\u00faan sin ser atendidas.<\/p>\n\n\n\n<p class=\"wp-block-paragraph\">En el caso de la UPN 304, la protesta afecta a m\u00e1s de 700 estudiantes, distribuidos entre los turnos matutino y vespertino, adem\u00e1s de alumnos que acuden a asesor\u00edas relacionadas con trabajos de titulaci\u00f3n. Tambi\u00e9n son aproximadamente 45 docentes los involucrados en el paro de esta unidad.<\/p>\n\n\n\n<p class=\"wp-block-paragraph\">El representante sindical reconoci\u00f3 que la suspensi\u00f3n de actividades genera afectaciones a la comunidad estudiantil, pero pidi\u00f3 a los alumnos comprender que la movilizaci\u00f3n tiene como objetivo exigir el cumplimiento de derechos laborales y obtener una respuesta a las demandas planteadas por el personal acad\u00e9mico.<\/p>\n\n\n\n<p class=\"wp-block-paragraph\">Mientras tanto, estudiantes de la UPN 304 han manifestado su respaldo a los docentes y permanecen atentos al desarrollo de las negociaciones, a la espera de que se alcance un acuerdo que permita reanudar las actividades acad\u00e9micas.<\/p>\n","protected":false},"excerpt":{"rendered":"<p>R\u00edo Blanco, Ver.\u2014 Las actividades acad\u00e9micas en la Universidad Pedag\u00f3gica Nacional (UPN) 304 de Orizaba se encuentran suspendidas este martes, como parte de un paro de brazos ca\u00eddos realizado de manera simult\u00e1nea en las unidades de la instituci\u00f3n en Veracruz, en demanda del cumplimiento de diversos derechos laborales. Rafael Serrano Garc\u00eda, docente y representante de [&hellip;]<\/p>\n","protected":false},"author":6,"featured_media":29023,"comment_status":"closed","ping_status":"open","sticky":false,"template":"","format":"standard","meta":{"tdm_status":"","tdm_grid_status":"","footnotes":""},"categories":[25,26,10],"tags":[],"class_list":["post-29022","post","type-post","status-publish","format-standard","has-post-thumbnail","category-destacada-1","category-destacada-4","category-local-regional"],"_links":{"self":[{"href":"https:\/\/elrotativo.com.mx\/portal\/wp-json\/wp\/v2\/posts\/29022","targetHints":{"allow":["GET"]}}],"collection":[{"href":"https:\/\/elrotativo.com.mx\/portal\/wp-json\/wp\/v2\/posts"}],"about":[{"href":"https:\/\/elrotativo.com.mx\/portal\/wp-json\/wp\/v2\/types\/post"}],"author":[{"embeddable":true,"href":"https:\/\/elrotativo.com.mx\/portal\/wp-json\/wp\/v2\/users\/6"}],"replies":[{"embeddable":true,"href":"https:\/\/elrotativo.com.mx\/portal\/wp-json\/wp\/v2\/comments?post=29022"}],"version-history":[{"count":1,"href":"https:\/\/elrotativo.com.mx\/portal\/wp-json\/wp\/v2\/posts\/29022\/revisions"}],"predecessor-version":[{"id":29024,"href":"https:\/\/elrotativo.com.mx\/portal\/wp-json\/wp\/v2\/posts\/29022\/revisions\/29024"}],"wp:featuredmedia":[{"embeddable":true,"href":"https:\/\/elrotativo.com.mx\/portal\/wp-json\/wp\/v2\/media\/29023"}],"wp:attachment":[{"href":"https:\/\/elrotativo.com.mx\/portal\/wp-json\/wp\/v2\/media?parent=29022"}],"wp:term":[{"taxonomy":"category","embeddable":true,"href":"https:\/\/elrotativo.com.mx\/portal\/wp-json\/wp\/v2\/categories?post=29022"},{"taxonomy":"post_tag","embeddable":true,"href":"https:\/\/elrotativo.com.mx\/portal\/wp-json\/wp\/v2\/tags?post=29022"}],"curies":[{"name":"wp","href":"https:\/\/api.w.org\/{rel}","templated":true}]}}