{"id":29013,"date":"2026-09-01T09:46:08","date_gmt":"2026-09-01T15:46:08","guid":{"rendered":"https:\/\/elrotativo.com.mx\/portal\/?p=29013"},"modified":"2026-09-01T09:46:09","modified_gmt":"2026-09-01T15:46:09","slug":"toman-estudiantes-facultad-de-medicina-de-la-uv-exigen-salida-del-director","status":"publish","type":"post","link":"https:\/\/elrotativo.com.mx\/portal\/toman-estudiantes-facultad-de-medicina-de-la-uv-exigen-salida-del-director\/","title":{"rendered":"Toman estudiantes Facultad de Medicina de la UV; exigen salida del director"},"content":{"rendered":"\n<p class=\"wp-block-paragraph\"><\/p>\n\n\n\n<p class=\"wp-block-paragraph\">Camerino Z. Mendoza, Ver.\u2014 La Facultad de Medicina de la Universidad Veracruzana inici\u00f3 este lunes con sus actividades suspendidas, luego de que estudiantes tomaran las instalaciones para exigir la intervenci\u00f3n de la Rector\u00eda ante una serie de inconformidades que, aseguran, afectan su formaci\u00f3n profesional.<\/p>\n\n\n\n<p class=\"wp-block-paragraph\">Desde temprana hora, integrantes de la llamada \u201cBase estudiantil\u201d colocaron pancartas en el acceso principal e impidieron el ingreso al plantel. Los j\u00f3venes se\u00f1alaron que mantendr\u00e1n la protesta hasta obtener una respuesta formal de las autoridades universitarias y descartaron que se trate de una movilizaci\u00f3n con fines distintos a la atenci\u00f3n de sus demandas.<\/p>\n\n\n\n<p class=\"wp-block-paragraph\">La principal exigencia es la destituci\u00f3n del actual director de la Facultad, adem\u00e1s de la instalaci\u00f3n de una mesa formal de di\u00e1logo con representantes de la Rector\u00eda que tengan capacidad para atender los planteamientos. Los estudiantes pidieron que los acuerdos que se alcancen sean documentados, con responsables y plazos espec\u00edficos para su cumplimiento.<\/p>\n\n\n\n<p class=\"wp-block-paragraph\">Entre los se\u00f1alamientos se encuentran deficiencias en laboratorios por falta de materiales, reactivos y equipo, problemas de mantenimiento y limpieza, as\u00ed como carencias en los servicios sanitarios y espacios para el descanso. En el \u00e1mbito acad\u00e9mico, tambi\u00e9n reportaron dificultades relacionadas con la oferta de materias y el acceso a actividades de formaci\u00f3n complementaria, como congresos, cursos y eventos cient\u00edficos.<\/p>\n\n\n\n<p class=\"wp-block-paragraph\">El manejo de los recursos del comit\u00e9 de Pro-Mejoras constituye otro de los puntos de conflicto. Los universitarios afirmaron que realizan aportaciones cercanas a los 5 mil pesos por semestre y cuestionaron que no exista informaci\u00f3n detallada sobre el destino de estos recursos ni una correspondencia visible con las condiciones de la facultad.<\/p>\n\n\n\n<p class=\"wp-block-paragraph\">A estas inconformidades se sumaron se\u00f1alamientos sobre presuntas irregularidades administrativas, entre ellas una distribuci\u00f3n desigual de cargas docentes, trato diferenciado hacia integrantes del personal y un supuesto debilitamiento de los \u00f3rganos colegiados. Los estudiantes tambi\u00e9n demandaron canales institucionales que permitan recibir y dar seguimiento formal a sus solicitudes.<\/p>\n\n\n\n<p class=\"wp-block-paragraph\">La movilizaci\u00f3n se desarrolla de manera pac\u00edfica y hasta el momento no se han reportado incidentes. Personal acad\u00e9mico permaneci\u00f3 en las inmediaciones del inmueble mientras se esperaba una respuesta de las autoridades universitarias.<\/p>\n\n\n\n<p class=\"wp-block-paragraph\">Los estudiantes tambi\u00e9n exigieron garant\u00edas de no represalias contra quienes participaron en la organizaci\u00f3n y difusi\u00f3n del movimiento, al considerar que sus acciones forman parte de sus derechos de expresi\u00f3n y participaci\u00f3n dentro de la comunidad universitaria.<\/p>\n\n\n\n<p class=\"wp-block-paragraph\">Mientras las instalaciones permanecen bajo control de los inconformes, la comunidad estudiantil espera que la Universidad Veracruzana intervenga y establezca una v\u00eda formal de negociaci\u00f3n que permita atender las demandas y definir las condiciones para la reanudaci\u00f3n de las actividades acad\u00e9micas.<\/p>\n","protected":false},"excerpt":{"rendered":"<p>Camerino Z. Mendoza, Ver.\u2014 La Facultad de Medicina de la Universidad Veracruzana inici\u00f3 este lunes con sus actividades suspendidas, luego de que estudiantes tomaran las instalaciones para exigir la intervenci\u00f3n de la Rector\u00eda ante una serie de inconformidades que, aseguran, afectan su formaci\u00f3n profesional. Desde temprana hora, integrantes de la llamada \u201cBase estudiantil\u201d colocaron pancartas [&hellip;]<\/p>\n","protected":false},"author":6,"featured_media":29014,"comment_status":"closed","ping_status":"open","sticky":false,"template":"","format":"standard","meta":{"tdm_status":"","tdm_grid_status":"","footnotes":""},"categories":[25,26,10],"tags":[],"class_list":["post-29013","post","type-post","status-publish","format-standard","has-post-thumbnail","category-destacada-1","category-destacada-4","category-local-regional"],"_links":{"self":[{"href":"https:\/\/elrotativo.com.mx\/portal\/wp-json\/wp\/v2\/posts\/29013","targetHints":{"allow":["GET"]}}],"collection":[{"href":"https:\/\/elrotativo.com.mx\/portal\/wp-json\/wp\/v2\/posts"}],"about":[{"href":"https:\/\/elrotativo.com.mx\/portal\/wp-json\/wp\/v2\/types\/post"}],"author":[{"embeddable":true,"href":"https:\/\/elrotativo.com.mx\/portal\/wp-json\/wp\/v2\/users\/6"}],"replies":[{"embeddable":true,"href":"https:\/\/elrotativo.com.mx\/portal\/wp-json\/wp\/v2\/comments?post=29013"}],"version-history":[{"count":1,"href":"https:\/\/elrotativo.com.mx\/portal\/wp-json\/wp\/v2\/posts\/29013\/revisions"}],"predecessor-version":[{"id":29015,"href":"https:\/\/elrotativo.com.mx\/portal\/wp-json\/wp\/v2\/posts\/29013\/revisions\/29015"}],"wp:featuredmedia":[{"embeddable":true,"href":"https:\/\/elrotativo.com.mx\/portal\/wp-json\/wp\/v2\/media\/29014"}],"wp:attachment":[{"href":"https:\/\/elrotativo.com.mx\/portal\/wp-json\/wp\/v2\/media?parent=29013"}],"wp:term":[{"taxonomy":"category","embeddable":true,"href":"https:\/\/elrotativo.com.mx\/portal\/wp-json\/wp\/v2\/categories?post=29013"},{"taxonomy":"post_tag","embeddable":true,"href":"https:\/\/elrotativo.com.mx\/portal\/wp-json\/wp\/v2\/tags?post=29013"}],"curies":[{"name":"wp","href":"https:\/\/api.w.org\/{rel}","templated":true}]}}