{"id":29007,"date":"2026-08-31T17:07:38","date_gmt":"2026-08-31T23:07:38","guid":{"rendered":"https:\/\/elrotativo.com.mx\/portal\/?p=29007"},"modified":"2026-08-31T17:07:40","modified_gmt":"2026-08-31T23:07:40","slug":"animalistas-llevan-a-congreso-internacional-su-rechazo-a-propuesta-de-ley-federal","status":"publish","type":"post","link":"https:\/\/elrotativo.com.mx\/portal\/animalistas-llevan-a-congreso-internacional-su-rechazo-a-propuesta-de-ley-federal\/","title":{"rendered":"Animalistas llevan a Congreso Internacional su rechazo a propuesta de ley federal"},"content":{"rendered":"\n<p class=\"wp-block-paragraph\">Orizaba, Ver.- La defensa de los derechos de los animales reuni\u00f3 a representantes de distintas organizaciones en el VIII Congreso Internacional de Derechos Animales, realizado el pasado 28 de agosto en la C\u00e1mara de Diputados, en la Ciudad de M\u00e9xico, donde se analizaron los retos que enfrenta el bienestar animal y el contenido de la nueva legislaci\u00f3n federal en la materia.Entre los participantes estuvo Alejandra Espinoza Velasco, integrante de la Confederaci\u00f3n de Derechos Animales de M\u00e9xico (CODAM) y de la Coalici\u00f3n de Activistas por los Derechos Animales del Estado de Veracruz, quien destac\u00f3 la participaci\u00f3n de organizaciones y activistas de diferentes puntos del pa\u00eds en este encuentro.Durante el Congreso se abordaron temas como la protecci\u00f3n jur\u00eddica de los animales, pol\u00edticas p\u00fablicas, participaci\u00f3n ciudadana y la relaci\u00f3n entre la salud humana, animal y ambiental, adem\u00e1s de abrirse un espacio para analizar la propuesta de Ley General en Materia de Bienestar, Cuidado y Protecci\u00f3n de los Animales que actualmente se discute en el Senado.<\/p>\n\n\n\n<p class=\"wp-block-paragraph\">Espinoza Velasco se\u00f1al\u00f3 que uno de los principales objetivos del movimiento es que las organizaciones sean escuchadas antes de que el proyecto avance a una eventual votaci\u00f3n, pues consideran que algunos de sus planteamientos podr\u00edan afectar los avances alcanzados en materia de protecci\u00f3n animal en diferentes entidades.<\/p>\n\n\n\n<p class=\"wp-block-paragraph\">Entre los puntos que m\u00e1s preocupan a los activistas se encuentra el manejo de las poblaciones de perros y gatos en situaci\u00f3n de calle. Las organizaciones rechazan que el sacrificio pueda utilizarse como mecanismo de control y plantean que se prioricen campa\u00f1as permanentes de esterilizaci\u00f3n y otras estrategias de atenci\u00f3n.<\/p>\n\n\n\n<p class=\"wp-block-paragraph\">La participaci\u00f3n de los animalistas en el Congreso forma parte de una estrategia para llevar sus planteamientos directamente al \u00e1mbito legislativo. Espinoza Velasco hizo un llamado a la ciudadan\u00eda a informarse sobre el contenido de la propuesta y participar en el proceso legislativo mediante el contacto con diputados federales y senadores, al considerar que la discusi\u00f3n de la nueva ley debe incluir la voz de quienes trabajan directamente en la protecci\u00f3n y rescate de animales.<\/p>\n\n\n\n<p class=\"wp-block-paragraph\">El proyecto contin\u00faa en an\u00e1lisis dentro de las comisiones del Senado, por lo que las organizaciones animalistas buscar\u00e1n mantener el di\u00e1logo con los legisladores y que sus propuestas sean consideradas antes de que el dictamen llegue al Pleno.<\/p>\n","protected":false},"excerpt":{"rendered":"<p>Orizaba, Ver.- La defensa de los derechos de los animales reuni\u00f3 a representantes de distintas organizaciones en el VIII Congreso Internacional de Derechos Animales, realizado el pasado 28 de agosto en la C\u00e1mara de Diputados, en la Ciudad de M\u00e9xico, donde se analizaron los retos que enfrenta el bienestar animal y el contenido de la [&hellip;]<\/p>\n","protected":false},"author":6,"featured_media":29008,"comment_status":"closed","ping_status":"open","sticky":false,"template":"","format":"standard","meta":{"tdm_status":"","tdm_grid_status":"","footnotes":""},"categories":[26,10],"tags":[],"class_list":["post-29007","post","type-post","status-publish","format-standard","has-post-thumbnail","category-destacada-4","category-local-regional"],"_links":{"self":[{"href":"https:\/\/elrotativo.com.mx\/portal\/wp-json\/wp\/v2\/posts\/29007","targetHints":{"allow":["GET"]}}],"collection":[{"href":"https:\/\/elrotativo.com.mx\/portal\/wp-json\/wp\/v2\/posts"}],"about":[{"href":"https:\/\/elrotativo.com.mx\/portal\/wp-json\/wp\/v2\/types\/post"}],"author":[{"embeddable":true,"href":"https:\/\/elrotativo.com.mx\/portal\/wp-json\/wp\/v2\/users\/6"}],"replies":[{"embeddable":true,"href":"https:\/\/elrotativo.com.mx\/portal\/wp-json\/wp\/v2\/comments?post=29007"}],"version-history":[{"count":1,"href":"https:\/\/elrotativo.com.mx\/portal\/wp-json\/wp\/v2\/posts\/29007\/revisions"}],"predecessor-version":[{"id":29009,"href":"https:\/\/elrotativo.com.mx\/portal\/wp-json\/wp\/v2\/posts\/29007\/revisions\/29009"}],"wp:featuredmedia":[{"embeddable":true,"href":"https:\/\/elrotativo.com.mx\/portal\/wp-json\/wp\/v2\/media\/29008"}],"wp:attachment":[{"href":"https:\/\/elrotativo.com.mx\/portal\/wp-json\/wp\/v2\/media?parent=29007"}],"wp:term":[{"taxonomy":"category","embeddable":true,"href":"https:\/\/elrotativo.com.mx\/portal\/wp-json\/wp\/v2\/categories?post=29007"},{"taxonomy":"post_tag","embeddable":true,"href":"https:\/\/elrotativo.com.mx\/portal\/wp-json\/wp\/v2\/tags?post=29007"}],"curies":[{"name":"wp","href":"https:\/\/api.w.org\/{rel}","templated":true}]}}