{"id":29000,"date":"2026-08-31T17:01:33","date_gmt":"2026-08-31T23:01:33","guid":{"rendered":"https:\/\/elrotativo.com.mx\/portal\/?p=29000"},"modified":"2026-08-31T17:01:34","modified_gmt":"2026-08-31T23:01:34","slug":"motociclista-resulta-lesionado-tras-chocar-con-taxi-en-rio-blanco","status":"publish","type":"post","link":"https:\/\/elrotativo.com.mx\/portal\/motociclista-resulta-lesionado-tras-chocar-con-taxi-en-rio-blanco\/","title":{"rendered":"Motociclista resulta lesionado tras chocar con taxi en R\u00edo Blanco"},"content":{"rendered":"\n<p class=\"wp-block-paragraph\"> R\u00edo Blanco, Ver.- Un motociclista result\u00f3 lesionado la ma\u00f1ana de este lunes al colisionar contra un taxi en el cruce de Camino Nacional y la calle C\u00e9sar Sandino, generando la movilizaci\u00f3n de cuerpos de emergencia y elementos de seguridad.<\/p>\n\n\n\n<p class=\"wp-block-paragraph\">El accidente ocurri\u00f3 sobre la carretera federal 150 Orizaba-Tehuac\u00e1n, en las inmediaciones de la colonia \u00c1lvaro Obreg\u00f3n, donde quedaron involucrados un taxi Nissan Tsuru, blanco con rojo y franja verde, marcado con el n\u00famero econ\u00f3mico 66 de R\u00edo Blanco, y una motocicleta Italika FT150 blanca.Tras el impacto, el conductor de la motocicleta qued\u00f3 lesionado en el lugar. Param\u00e9dicos de Protecci\u00f3n Civil Municipal acudieron para brindarle los primeros auxilios y posteriormente lo trasladaron al Hospital IMSS-Bienestar de R\u00edo Blanco, donde ser\u00eda sometido a una valoraci\u00f3n m\u00e9dica.Elementos de la Secretar\u00eda de Seguridad P\u00fablica tomaron conocimiento del percance y apoyaron en el resguardo de la zona, mientras las unidades involucradas permanecieron en el sitio para las diligencias correspondientes.<\/p>\n\n\n\n<p class=\"wp-block-paragraph\">El accidente provoc\u00f3 tr\u00e1nsito lento sobre Camino Nacional, debido a la presencia de los veh\u00edculos y las labores de atenci\u00f3n, por lo que la circulaci\u00f3n se vio parcialmente afectada durante algunos minutos.Hasta el momento no se ha dado a conocer la identidad del motociclista ni un reporte oficial sobre la gravedad de sus lesiones. Ser\u00e1n los peritajes los que permitan establecer c\u00f3mo ocurri\u00f3 el choque y determinar las responsabilidades correspondientes.<\/p>\n","protected":false},"excerpt":{"rendered":"<p>R\u00edo Blanco, Ver.- Un motociclista result\u00f3 lesionado la ma\u00f1ana de este lunes al colisionar contra un taxi en el cruce de Camino Nacional y la calle C\u00e9sar Sandino, generando la movilizaci\u00f3n de cuerpos de emergencia y elementos de seguridad. El accidente ocurri\u00f3 sobre la carretera federal 150 Orizaba-Tehuac\u00e1n, en las inmediaciones de la colonia \u00c1lvaro [&hellip;]<\/p>\n","protected":false},"author":6,"featured_media":29001,"comment_status":"closed","ping_status":"open","sticky":false,"template":"","format":"standard","meta":{"tdm_status":"","tdm_grid_status":"","footnotes":""},"categories":[26,10],"tags":[],"class_list":["post-29000","post","type-post","status-publish","format-standard","has-post-thumbnail","category-destacada-4","category-local-regional"],"_links":{"self":[{"href":"https:\/\/elrotativo.com.mx\/portal\/wp-json\/wp\/v2\/posts\/29000","targetHints":{"allow":["GET"]}}],"collection":[{"href":"https:\/\/elrotativo.com.mx\/portal\/wp-json\/wp\/v2\/posts"}],"about":[{"href":"https:\/\/elrotativo.com.mx\/portal\/wp-json\/wp\/v2\/types\/post"}],"author":[{"embeddable":true,"href":"https:\/\/elrotativo.com.mx\/portal\/wp-json\/wp\/v2\/users\/6"}],"replies":[{"embeddable":true,"href":"https:\/\/elrotativo.com.mx\/portal\/wp-json\/wp\/v2\/comments?post=29000"}],"version-history":[{"count":1,"href":"https:\/\/elrotativo.com.mx\/portal\/wp-json\/wp\/v2\/posts\/29000\/revisions"}],"predecessor-version":[{"id":29002,"href":"https:\/\/elrotativo.com.mx\/portal\/wp-json\/wp\/v2\/posts\/29000\/revisions\/29002"}],"wp:featuredmedia":[{"embeddable":true,"href":"https:\/\/elrotativo.com.mx\/portal\/wp-json\/wp\/v2\/media\/29001"}],"wp:attachment":[{"href":"https:\/\/elrotativo.com.mx\/portal\/wp-json\/wp\/v2\/media?parent=29000"}],"wp:term":[{"taxonomy":"category","embeddable":true,"href":"https:\/\/elrotativo.com.mx\/portal\/wp-json\/wp\/v2\/categories?post=29000"},{"taxonomy":"post_tag","embeddable":true,"href":"https:\/\/elrotativo.com.mx\/portal\/wp-json\/wp\/v2\/tags?post=29000"}],"curies":[{"name":"wp","href":"https:\/\/api.w.org\/{rel}","templated":true}]}}