{"id":28989,"date":"2026-08-31T13:07:28","date_gmt":"2026-08-31T19:07:28","guid":{"rendered":"https:\/\/elrotativo.com.mx\/portal\/?p=28989"},"modified":"2026-08-31T13:07:29","modified_gmt":"2026-08-31T19:07:29","slug":"soy-papa-no-criminal-exige-justicia-por-padres-separados-de-sus-hijos","status":"publish","type":"post","link":"https:\/\/elrotativo.com.mx\/portal\/soy-papa-no-criminal-exige-justicia-por-padres-separados-de-sus-hijos\/","title":{"rendered":"\u00abSoy Pap\u00e1, No Criminal\u201d exige justicia por padres separados de sus hijos"},"content":{"rendered":"\n<p class=\"wp-block-paragraph\"><\/p>\n\n\n\n<p class=\"wp-block-paragraph\"><\/p>\n\n\n\n<p class=\"wp-block-paragraph\">Orizaba, Ver.- Integrantes del movimiento \u201cSoy Pap\u00e1, No Criminal\u201d marcharon este lunes desde la Alameda Francisco Gabilondo Soler \u201cCri-Cri\u201d hasta el Palacio Municipal de Orizaba, para exigir atenci\u00f3n a los casos de padres que, aseguran, han sido separados de sus hijos mediante denuncias y procesos judiciales que consideran injustos.<\/p>\n\n\n\n<p class=\"wp-block-paragraph\">Alrededor de 15 personas participaron en la movilizaci\u00f3n, entre padres y familiares, quienes portaron pancartas y pidieron establecer mesas de trabajo con autoridades municipales y los sistemas DIF. Sin embargo, al llegar al Palacio Municipal encontraron las puertas cerradas, ante la manifestaci\u00f3n.<\/p>\n\n\n\n<p class=\"wp-block-paragraph\">Octavio M\u00e9ndez Solano, representante del movimiento en las Altas Monta\u00f1as, afirm\u00f3 que algunos padres enfrentan \u00f3rdenes de restricci\u00f3n, procesos penales, denuncias por diversos delitos y dificultades para mantener la convivencia con sus hijos. Se\u00f1al\u00f3 que, desde el inicio del movimiento, m\u00e1s padres se han acercado para exponer situaciones similares.<\/p>\n\n\n\n<p class=\"wp-block-paragraph\">El representante cuestion\u00f3 que en algunos casos se dicten medidas de protecci\u00f3n antes de que concluyan las investigaciones y denunci\u00f3 que las acusaciones que consideran falsas pueden generar consecuencias econ\u00f3micas, emocionales y legales para los padres, mientras los menores quedan en medio del conflicto.<\/p>\n\n\n\n<p class=\"wp-block-paragraph\">M\u00e9ndez Solano sostuvo que el movimiento no pretende minimizar la violencia contra las mujeres y reconoci\u00f3 que quienes realmente son v\u00edctimas deben recibir protecci\u00f3n. Sin embargo, pidi\u00f3 que tambi\u00e9n se garantice la presunci\u00f3n de inocencia y que ambas partes sean escuchadas antes de tomar decisiones que afecten la convivencia familiar.<\/p>\n\n\n\n<p class=\"wp-block-paragraph\">Se\u00f1al\u00f3 que el objetivo principal es defender el derecho de los menores a mantener una relaci\u00f3n con sus padres cuando legalmente corresponda.<\/p>\n\n\n\n<p class=\"wp-block-paragraph\">Los integrantes del movimiento anunciaron que continuar\u00e1n buscando acercamientos con autoridades municipales y otras instituciones para presentar propuestas de atenci\u00f3n y acompa\u00f1amiento a familias que enfrentan conflictos de custodia y convivencia.<\/p>\n","protected":false},"excerpt":{"rendered":"<p>Orizaba, Ver.- Integrantes del movimiento \u201cSoy Pap\u00e1, No Criminal\u201d marcharon este lunes desde la Alameda Francisco Gabilondo Soler \u201cCri-Cri\u201d hasta el Palacio Municipal de Orizaba, para exigir atenci\u00f3n a los casos de padres que, aseguran, han sido separados de sus hijos mediante denuncias y procesos judiciales que consideran injustos. Alrededor de 15 personas participaron en [&hellip;]<\/p>\n","protected":false},"author":6,"featured_media":28990,"comment_status":"closed","ping_status":"open","sticky":false,"template":"","format":"standard","meta":{"tdm_status":"","tdm_grid_status":"","footnotes":""},"categories":[26,10],"tags":[],"class_list":["post-28989","post","type-post","status-publish","format-standard","has-post-thumbnail","category-destacada-4","category-local-regional"],"_links":{"self":[{"href":"https:\/\/elrotativo.com.mx\/portal\/wp-json\/wp\/v2\/posts\/28989","targetHints":{"allow":["GET"]}}],"collection":[{"href":"https:\/\/elrotativo.com.mx\/portal\/wp-json\/wp\/v2\/posts"}],"about":[{"href":"https:\/\/elrotativo.com.mx\/portal\/wp-json\/wp\/v2\/types\/post"}],"author":[{"embeddable":true,"href":"https:\/\/elrotativo.com.mx\/portal\/wp-json\/wp\/v2\/users\/6"}],"replies":[{"embeddable":true,"href":"https:\/\/elrotativo.com.mx\/portal\/wp-json\/wp\/v2\/comments?post=28989"}],"version-history":[{"count":1,"href":"https:\/\/elrotativo.com.mx\/portal\/wp-json\/wp\/v2\/posts\/28989\/revisions"}],"predecessor-version":[{"id":28992,"href":"https:\/\/elrotativo.com.mx\/portal\/wp-json\/wp\/v2\/posts\/28989\/revisions\/28992"}],"wp:featuredmedia":[{"embeddable":true,"href":"https:\/\/elrotativo.com.mx\/portal\/wp-json\/wp\/v2\/media\/28990"}],"wp:attachment":[{"href":"https:\/\/elrotativo.com.mx\/portal\/wp-json\/wp\/v2\/media?parent=28989"}],"wp:term":[{"taxonomy":"category","embeddable":true,"href":"https:\/\/elrotativo.com.mx\/portal\/wp-json\/wp\/v2\/categories?post=28989"},{"taxonomy":"post_tag","embeddable":true,"href":"https:\/\/elrotativo.com.mx\/portal\/wp-json\/wp\/v2\/tags?post=28989"}],"curies":[{"name":"wp","href":"https:\/\/api.w.org\/{rel}","templated":true}]}}