{"id":28980,"date":"2026-08-30T16:13:43","date_gmt":"2026-08-30T22:13:43","guid":{"rendered":"https:\/\/elrotativo.com.mx\/portal\/?p=28980"},"modified":"2026-08-30T16:14:16","modified_gmt":"2026-08-30T22:14:16","slug":"avanza-en-veracruz-consulta-para-nueva-ley-de-pueblos-indigenas","status":"publish","type":"post","link":"https:\/\/elrotativo.com.mx\/portal\/avanza-en-veracruz-consulta-para-nueva-ley-de-pueblos-indigenas\/","title":{"rendered":"Avanza en Veracruz consulta para nueva Ley de Pueblos Ind\u00edgenas"},"content":{"rendered":"\n<p class=\"wp-block-paragraph\">Orizaba, Ver.- Con la participaci\u00f3n de representantes de 616 comunidades ind\u00edgenas de la regi\u00f3n, este domingo se llev\u00f3 a cabo en Orizaba la Asamblea Regional de los Pueblos Nahua y Mazateco, como parte del proceso de consulta previa, libre e informada sobre la propuesta de Iniciativa de Ley General de Derechos de los Pueblos Ind\u00edgenas y Afromexicanos.<\/p>\n\n\n\n<p class=\"wp-block-paragraph\">Sagrario Zamora Jim\u00e9nez, coordinadora general de Planeaci\u00f3n, Investigaci\u00f3n y Evaluaci\u00f3n del Instituto Nacional de los Pueblos Ind\u00edgenas (INPI), explic\u00f3 que el objetivo de esta etapa es escuchar directamente a las comunidades para conocer sus propuestas, observaciones y planteamientos respecto al proyecto de ley.Se\u00f1al\u00f3 que la iniciativa fue elaborada de manera colectiva con la participaci\u00f3n de un comit\u00e9 t\u00e9cnico asesor, dependencias de la Administraci\u00f3n P\u00fablica Federal, el Congreso de la Uni\u00f3n y representantes del Consejo Nacional de Pueblos Ind\u00edgenas.<\/p>\n\n\n\n<p class=\"wp-block-paragraph\"> \u201cQueremos una ley de un pueblo para el pueblo\u201d, destac\u00f3 al referirse a la intenci\u00f3n de incorporar las aportaciones surgidas durante las consultas.Durante la asamblea se instalaron siete mesas tem\u00e1ticas para analizar aspectos relacionados con los pueblos y comunidades ind\u00edgenas como sujetos de derecho p\u00fablico; libre determinaci\u00f3n y autonom\u00eda; derechos de mujeres, ni\u00f1as, ni\u00f1os, adolescentes y j\u00f3venes; personas migrantes, residentes y adultos mayores; consulta y consentimiento previo, libre e informado; distribuci\u00f3n de competencias entre los distintos \u00f3rdenes de gobierno, as\u00ed como responsabilidades.<\/p>\n\n\n\n<p class=\"wp-block-paragraph\">Zamora Jim\u00e9nez detall\u00f3 que las comunidades participantes pertenecen principalmente a los pueblos n\u00e1huatl y mazateco, adem\u00e1s de representantes de los pueblos mixe y popoluca, provenientes de distintos municipios de la regi\u00f3n.<\/p>\n\n\n\n<p class=\"wp-block-paragraph\"> Los trabajos concluir\u00e1n con una plenaria en la que cada mesa presentar\u00e1 sus resultados y acuerdos.Como parte de esta etapa tambi\u00e9n ser\u00e1n elegidos dos representantes por cada asamblea regional, un hombre y una mujer, quienes integrar\u00e1n una comisi\u00f3n de seguimiento encargada de acompa\u00f1ar el proceso posterior.<\/p>\n\n\n\n<p class=\"wp-block-paragraph\">La funcionaria se\u00f1al\u00f3 que existe una amplia participaci\u00f3n y expectativa entre las comunidades, quienes consideran que el proceso representa un hecho hist\u00f3rico. Sin embargo, reconoci\u00f3 que uno de los principales retos ser\u00e1 que los planteamientos plasmados en la iniciativa se traduzcan posteriormente en pol\u00edticas p\u00fablicas y resultados concretos para los pueblos ind\u00edgenas.<\/p>\n\n\n\n<p class=\"wp-block-paragraph\">La consulta continuar\u00e1 en otras regiones del estado de Veracruz y sus resultados ser\u00e1n sistematizados para posteriormente ser considerados en el proceso legislativo de la propuesta de ley.<\/p>\n","protected":false},"excerpt":{"rendered":"<p>Orizaba, Ver.- Con la participaci\u00f3n de representantes de 616 comunidades ind\u00edgenas de la regi\u00f3n, este domingo se llev\u00f3 a cabo en Orizaba la Asamblea Regional de los Pueblos Nahua y Mazateco, como parte del proceso de consulta previa, libre e informada sobre la propuesta de Iniciativa de Ley General de Derechos de los Pueblos Ind\u00edgenas [&hellip;]<\/p>\n","protected":false},"author":6,"featured_media":28981,"comment_status":"closed","ping_status":"open","sticky":false,"template":"","format":"standard","meta":{"tdm_status":"","tdm_grid_status":"","footnotes":""},"categories":[26,10],"tags":[],"class_list":["post-28980","post","type-post","status-publish","format-standard","has-post-thumbnail","category-destacada-4","category-local-regional"],"_links":{"self":[{"href":"https:\/\/elrotativo.com.mx\/portal\/wp-json\/wp\/v2\/posts\/28980","targetHints":{"allow":["GET"]}}],"collection":[{"href":"https:\/\/elrotativo.com.mx\/portal\/wp-json\/wp\/v2\/posts"}],"about":[{"href":"https:\/\/elrotativo.com.mx\/portal\/wp-json\/wp\/v2\/types\/post"}],"author":[{"embeddable":true,"href":"https:\/\/elrotativo.com.mx\/portal\/wp-json\/wp\/v2\/users\/6"}],"replies":[{"embeddable":true,"href":"https:\/\/elrotativo.com.mx\/portal\/wp-json\/wp\/v2\/comments?post=28980"}],"version-history":[{"count":2,"href":"https:\/\/elrotativo.com.mx\/portal\/wp-json\/wp\/v2\/posts\/28980\/revisions"}],"predecessor-version":[{"id":28983,"href":"https:\/\/elrotativo.com.mx\/portal\/wp-json\/wp\/v2\/posts\/28980\/revisions\/28983"}],"wp:featuredmedia":[{"embeddable":true,"href":"https:\/\/elrotativo.com.mx\/portal\/wp-json\/wp\/v2\/media\/28981"}],"wp:attachment":[{"href":"https:\/\/elrotativo.com.mx\/portal\/wp-json\/wp\/v2\/media?parent=28980"}],"wp:term":[{"taxonomy":"category","embeddable":true,"href":"https:\/\/elrotativo.com.mx\/portal\/wp-json\/wp\/v2\/categories?post=28980"},{"taxonomy":"post_tag","embeddable":true,"href":"https:\/\/elrotativo.com.mx\/portal\/wp-json\/wp\/v2\/tags?post=28980"}],"curies":[{"name":"wp","href":"https:\/\/api.w.org\/{rel}","templated":true}]}}