{"id":28977,"date":"2026-08-30T15:35:46","date_gmt":"2026-08-30T21:35:46","guid":{"rendered":"https:\/\/elrotativo.com.mx\/portal\/?p=28977"},"modified":"2026-08-30T15:35:47","modified_gmt":"2026-08-30T21:35:47","slug":"buscan-hogar-para-perros-y-gatos-rescatados-en-expo-con-causa","status":"publish","type":"post","link":"https:\/\/elrotativo.com.mx\/portal\/buscan-hogar-para-perros-y-gatos-rescatados-en-expo-con-causa\/","title":{"rendered":"Buscan hogar para perros y gatos rescatados en Expo con Causa"},"content":{"rendered":"\n<p class=\"wp-block-paragraph\"><\/p>\n\n\n\n<p class=\"wp-block-paragraph\"><\/p>\n\n\n\n<p class=\"wp-block-paragraph\">Orizaba, Ver.- Cinco perros adultos y alrededor de ocho gatos que se encuentran bajo resguardo de la organizaci\u00f3n \u00abYo Soy Tu Voz\u00bb participaron en una jornada de adopci\u00f3n responsable, como parte de una Expo con Causa realizada este fin de semana.<\/p>\n\n\n\n<p class=\"wp-block-paragraph\">Guadalupe Mart\u00ednez explic\u00f3 que actualmente mantienen bajo su cuidado alrededor de 80 animales, entre perros y gatos, de los cuales aproximadamente 60 est\u00e1n disponibles para encontrar una familia.<\/p>\n\n\n\n<p class=\"wp-block-paragraph\">Durante la pasarela de adopci\u00f3n se presentaron cinco perros, de los cuales se dar\u00e1 a conocer su historia de rescate y sus caracter\u00edsticas. Todos, asegur\u00f3, se encuentran vacunados, desparasitados, esterilizados y libres de pulgas.<\/p>\n\n\n\n<p class=\"wp-block-paragraph\">La organizaci\u00f3n tambi\u00e9n aprovech\u00f3 la actividad para solicitar donaciones de croquetas destinadas al albergue, adem\u00e1s de insumos para atender a los animales afectados por gusano barrenador.<\/p>\n\n\n\n<p class=\"wp-block-paragraph\">Las personas interesadas en adoptar, apadrinar esterilizaciones o colaborar con materiales pueden contactar a Mart\u00ednez a trav\u00e9s de sus redes sociales. Tambi\u00e9n existe la posibilidad de realizar aportaciones directamente en las veterinarias que apoyan al grupo con tratamientos de emergencia.<\/p>\n\n\n\n<p class=\"wp-block-paragraph\">Mart\u00ednez insisti\u00f3 en que adoptar debe ser una decisi\u00f3n responsable, pues los animales pasan a formar parte de una familia durante a\u00f1os y requieren tiempo, espacio, alimentaci\u00f3n y atenci\u00f3n m\u00e9dica.<\/p>\n","protected":false},"excerpt":{"rendered":"<p>Orizaba, Ver.- Cinco perros adultos y alrededor de ocho gatos que se encuentran bajo resguardo de la organizaci\u00f3n \u00abYo Soy Tu Voz\u00bb participaron en una jornada de adopci\u00f3n responsable, como parte de una Expo con Causa realizada este fin de semana. Guadalupe Mart\u00ednez explic\u00f3 que actualmente mantienen bajo su cuidado alrededor de 80 animales, entre [&hellip;]<\/p>\n","protected":false},"author":6,"featured_media":28978,"comment_status":"closed","ping_status":"open","sticky":false,"template":"","format":"standard","meta":{"tdm_status":"","tdm_grid_status":"","footnotes":""},"categories":[26,10],"tags":[],"class_list":["post-28977","post","type-post","status-publish","format-standard","has-post-thumbnail","category-destacada-4","category-local-regional"],"_links":{"self":[{"href":"https:\/\/elrotativo.com.mx\/portal\/wp-json\/wp\/v2\/posts\/28977","targetHints":{"allow":["GET"]}}],"collection":[{"href":"https:\/\/elrotativo.com.mx\/portal\/wp-json\/wp\/v2\/posts"}],"about":[{"href":"https:\/\/elrotativo.com.mx\/portal\/wp-json\/wp\/v2\/types\/post"}],"author":[{"embeddable":true,"href":"https:\/\/elrotativo.com.mx\/portal\/wp-json\/wp\/v2\/users\/6"}],"replies":[{"embeddable":true,"href":"https:\/\/elrotativo.com.mx\/portal\/wp-json\/wp\/v2\/comments?post=28977"}],"version-history":[{"count":1,"href":"https:\/\/elrotativo.com.mx\/portal\/wp-json\/wp\/v2\/posts\/28977\/revisions"}],"predecessor-version":[{"id":28979,"href":"https:\/\/elrotativo.com.mx\/portal\/wp-json\/wp\/v2\/posts\/28977\/revisions\/28979"}],"wp:featuredmedia":[{"embeddable":true,"href":"https:\/\/elrotativo.com.mx\/portal\/wp-json\/wp\/v2\/media\/28978"}],"wp:attachment":[{"href":"https:\/\/elrotativo.com.mx\/portal\/wp-json\/wp\/v2\/media?parent=28977"}],"wp:term":[{"taxonomy":"category","embeddable":true,"href":"https:\/\/elrotativo.com.mx\/portal\/wp-json\/wp\/v2\/categories?post=28977"},{"taxonomy":"post_tag","embeddable":true,"href":"https:\/\/elrotativo.com.mx\/portal\/wp-json\/wp\/v2\/tags?post=28977"}],"curies":[{"name":"wp","href":"https:\/\/api.w.org\/{rel}","templated":true}]}}