{"id":2878,"date":"2022-06-24T00:52:38","date_gmt":"2022-06-24T05:52:38","guid":{"rendered":"https:\/\/elrotativo.mx\/portal\/?p=2878"},"modified":"2022-06-24T00:52:40","modified_gmt":"2022-06-24T05:52:40","slug":"proteccion-civil-monitorea-represa-infiernillo-y-rios-de-respuesta-rapida","status":"publish","type":"post","link":"https:\/\/elrotativo.com.mx\/portal\/proteccion-civil-monitorea-represa-infiernillo-y-rios-de-respuesta-rapida\/","title":{"rendered":"Protecci\u00f3n Civil monitorea represa \u201cInfiernillo\u201d y r\u00edos de respuesta r\u00e1pida"},"content":{"rendered":"\n<p>Nogales, Ver.- Efectivos asignados a la Unidad Municipal de Protecci\u00f3n Civil, monitorean de forma permanente la represa \u201cEl Infiernillo\u201d, r\u00edos de respuesta r\u00e1pida y embalses, con la finalidad de implementar los protocolos necesarios para prevenir, contener o en su caso atender cualquier contingencia, por m\u00ednima que sea o que pueda poner en riesgo la integridad f\u00edsica de la poblaci\u00f3n, descartando por el momento alg\u00fan riesgo inminente ante las \u00faltimas precipitaciones pluviales.<\/p>\n\n\n\n<p>El director de Protecci\u00f3n Civil de&nbsp;Nogales Veracruz, Luis Alfredo Bautista Oropeza, inform\u00f3 que supervis\u00f3 la represa de \u201cEl Infiernillo\u201d, la cual se encuentra al 50 por ciento de su capacidad. \u00abEn el recorrido observamos que s\u00f3lo existe agua de lluvia y fluye hacia el R\u00edo chiquito\u00bb.<\/p>\n\n\n\n<p>Destac\u00f3 que se mantiene comunicaci\u00f3n con la base 3 mil, ubicada en \u201cSan Juanero\u201d en las faldas del volc\u00e1n Pico de Orizaba, la que report\u00f3 aguaceros sin que exista peligro de barrancada.<\/p>\n\n\n\n<p>\u201cEn la represa no hay escurrimientos, ni sedimentos p\u00e9treos, nada m\u00e1s l\u00edquido que circula de forma natural en el afluente\u201d, resalt\u00f3.<\/p>\n\n\n\n<p>Reiter\u00f3 que el agua de lluvia que cae en las faldas del volc\u00e1n no representa de momento, un riesgo para la poblaci\u00f3n asentada cerca del r\u00edo \u201cchiquito\u201d.<\/p>\n\n\n\n<p>Pidi\u00f3 a las familias nogalenses, seguir las indicaciones que emita Protecci\u00f3n Civil Municipal y atender \u00fanicamente informaci\u00f3n oficial, para evitar confusi\u00f3n en este tipo de eventos derivados de fen\u00f3menos hidrometeoro l\u00f3gicos.<\/p>\n\n\n\n<p>Por su parte, hasta la madrugada de este jueves, acompa\u00f1ado de elementos de la Secretar\u00eda de la Defensa Nacional (SEDENA) y de la coordinaci\u00f3n regional de Protecci\u00f3n Civil al mando de Luis Palma D\u00e9ctor, el presidente municipal, Ernesto Torres Navarro, supervis\u00f3 el ingreso de 8 personas que pasaron la noche en las instalaciones de la escuela Telesecundaria \u00abFelipe Carrillo Puerto\u00bb del ejido nuevo Necoxtla a qui\u00e9nes se les dot\u00f3 de cobertores, colchonetas y alimentos.<\/p>\n","protected":false},"excerpt":{"rendered":"<p>Nogales, Ver.- Efectivos asignados a la Unidad Municipal de Protecci\u00f3n Civil, monitorean de forma permanente la represa \u201cEl Infiernillo\u201d, r\u00edos de respuesta r\u00e1pida y embalses, con la finalidad de implementar los protocolos necesarios para prevenir, contener o en su caso atender cualquier contingencia, por m\u00ednima que sea o que pueda poner en riesgo la integridad [&hellip;]<\/p>\n","protected":false},"author":4,"featured_media":2846,"comment_status":"open","ping_status":"open","sticky":false,"template":"","format":"standard","meta":{"rop_custom_images_group":[],"rop_custom_messages_group":[],"rop_publish_now":"initial","rop_publish_now_accounts":{"facebook_2001103103558832_1797403930571497":""},"rop_publish_now_history":[],"rop_publish_now_status":"pending","tdm_status":"","tdm_grid_status":"","footnotes":""},"categories":[10],"tags":[],"class_list":{"0":"post-2878","1":"post","2":"type-post","3":"status-publish","4":"format-standard","5":"has-post-thumbnail","7":"category-local-regional"},"_links":{"self":[{"href":"https:\/\/elrotativo.com.mx\/portal\/wp-json\/wp\/v2\/posts\/2878","targetHints":{"allow":["GET"]}}],"collection":[{"href":"https:\/\/elrotativo.com.mx\/portal\/wp-json\/wp\/v2\/posts"}],"about":[{"href":"https:\/\/elrotativo.com.mx\/portal\/wp-json\/wp\/v2\/types\/post"}],"author":[{"embeddable":true,"href":"https:\/\/elrotativo.com.mx\/portal\/wp-json\/wp\/v2\/users\/4"}],"replies":[{"embeddable":true,"href":"https:\/\/elrotativo.com.mx\/portal\/wp-json\/wp\/v2\/comments?post=2878"}],"version-history":[{"count":1,"href":"https:\/\/elrotativo.com.mx\/portal\/wp-json\/wp\/v2\/posts\/2878\/revisions"}],"predecessor-version":[{"id":2879,"href":"https:\/\/elrotativo.com.mx\/portal\/wp-json\/wp\/v2\/posts\/2878\/revisions\/2879"}],"wp:featuredmedia":[{"embeddable":true,"href":"https:\/\/elrotativo.com.mx\/portal\/wp-json\/wp\/v2\/media\/2846"}],"wp:attachment":[{"href":"https:\/\/elrotativo.com.mx\/portal\/wp-json\/wp\/v2\/media?parent=2878"}],"wp:term":[{"taxonomy":"category","embeddable":true,"href":"https:\/\/elrotativo.com.mx\/portal\/wp-json\/wp\/v2\/categories?post=2878"},{"taxonomy":"post_tag","embeddable":true,"href":"https:\/\/elrotativo.com.mx\/portal\/wp-json\/wp\/v2\/tags?post=2878"}],"curies":[{"name":"wp","href":"https:\/\/api.w.org\/{rel}","templated":true}]}}