{"id":24180,"date":"2025-10-15T23:28:19","date_gmt":"2025-10-16T05:28:19","guid":{"rendered":"https:\/\/elrotativo.com.mx\/portal\/?p=24180"},"modified":"2025-10-15T23:28:19","modified_gmt":"2025-10-16T05:28:19","slug":"estudiantes-de-la-uv-bloquean-carretera-penuela-cordoba","status":"publish","type":"post","link":"https:\/\/elrotativo.com.mx\/portal\/estudiantes-de-la-uv-bloquean-carretera-penuela-cordoba\/","title":{"rendered":"Estudiantes de la UV bloquean carretera Pe\u00f1uela\u2013C\u00f3rdoba"},"content":{"rendered":"\n<p><br>*Exigen rehabilitaci\u00f3n del camino a su Facultad<br><br>Amatl\u00e1n de los Reyes, Ver.\u2013 Estudiantes de las Facultades de Agronom\u00eda y Ciencias Biol\u00f3gicas de la Universidad Veracruzana realizaron este mi\u00e9rcoles un bloqueo sobre la carretera Pe\u00f1uela\u2013C\u00f3rdoba, a la altura del municipio de Amatl\u00e1n, para exigir al alcalde Luis Arturo Figueroa la rehabilitaci\u00f3n con concreto hidr\u00e1ulico del camino que conduce a su centro de estudios, el cual aseguran, se encuentra completamente destrozado.<br>Con pancartas en mano y lanzando consignas contra el edil, los j\u00f3venes denunciaron la falta de respuesta del Ayuntamiento pese a las m\u00faltiples solicitudes presentadas durante los \u00faltimos meses. \u201cEl alcalde ya se va y no ha hecho nada por la comunidad estudiantil\u201d, expresaron.<br>Los universitarios se\u00f1alaron que el deplorable estado del camino ha provocado diversos accidentes, pues los enormes hoyos representan un riesgo constante. \u201cNo son baches, son pozos; varios compa\u00f1eros se han ca\u00eddo y lastimado de forma considerable\u201d, afirmaron.<br>Advirtieron que si las autoridades municipales y estatales, incluida la gobernadora Roc\u00edo Nahle Garc\u00eda, no atienden sus demandas, tomar\u00e1n medidas m\u00e1s dr\u00e1sticas para ser escuchados.<\/p>\n","protected":false},"excerpt":{"rendered":"<p>*Exigen rehabilitaci\u00f3n del camino a su Facultad Amatl\u00e1n de los Reyes, Ver.\u2013 Estudiantes de las Facultades de Agronom\u00eda y Ciencias Biol\u00f3gicas de la Universidad Veracruzana realizaron este mi\u00e9rcoles un bloqueo sobre la carretera Pe\u00f1uela\u2013C\u00f3rdoba, a la altura del municipio de Amatl\u00e1n, para exigir al alcalde Luis Arturo Figueroa la rehabilitaci\u00f3n con concreto hidr\u00e1ulico del camino [&hellip;]<\/p>\n","protected":false},"author":6,"featured_media":24181,"comment_status":"closed","ping_status":"open","sticky":false,"template":"","format":"standard","meta":{"rop_custom_images_group":[],"rop_custom_messages_group":[],"rop_publish_now":"initial","rop_publish_now_accounts":{"facebook_2001103103558832_1797403930571497":""},"rop_publish_now_history":[],"rop_publish_now_status":"pending","tdm_status":"","tdm_grid_status":"","footnotes":""},"categories":[26,10],"tags":[],"class_list":{"0":"post-24180","1":"post","2":"type-post","3":"status-publish","4":"format-standard","5":"has-post-thumbnail","7":"category-destacada-4","8":"category-local-regional"},"_links":{"self":[{"href":"https:\/\/elrotativo.com.mx\/portal\/wp-json\/wp\/v2\/posts\/24180","targetHints":{"allow":["GET"]}}],"collection":[{"href":"https:\/\/elrotativo.com.mx\/portal\/wp-json\/wp\/v2\/posts"}],"about":[{"href":"https:\/\/elrotativo.com.mx\/portal\/wp-json\/wp\/v2\/types\/post"}],"author":[{"embeddable":true,"href":"https:\/\/elrotativo.com.mx\/portal\/wp-json\/wp\/v2\/users\/6"}],"replies":[{"embeddable":true,"href":"https:\/\/elrotativo.com.mx\/portal\/wp-json\/wp\/v2\/comments?post=24180"}],"version-history":[{"count":1,"href":"https:\/\/elrotativo.com.mx\/portal\/wp-json\/wp\/v2\/posts\/24180\/revisions"}],"predecessor-version":[{"id":24182,"href":"https:\/\/elrotativo.com.mx\/portal\/wp-json\/wp\/v2\/posts\/24180\/revisions\/24182"}],"wp:featuredmedia":[{"embeddable":true,"href":"https:\/\/elrotativo.com.mx\/portal\/wp-json\/wp\/v2\/media\/24181"}],"wp:attachment":[{"href":"https:\/\/elrotativo.com.mx\/portal\/wp-json\/wp\/v2\/media?parent=24180"}],"wp:term":[{"taxonomy":"category","embeddable":true,"href":"https:\/\/elrotativo.com.mx\/portal\/wp-json\/wp\/v2\/categories?post=24180"},{"taxonomy":"post_tag","embeddable":true,"href":"https:\/\/elrotativo.com.mx\/portal\/wp-json\/wp\/v2\/tags?post=24180"}],"curies":[{"name":"wp","href":"https:\/\/api.w.org\/{rel}","templated":true}]}}