{"id":24174,"date":"2025-10-15T07:48:40","date_gmt":"2025-10-15T13:48:40","guid":{"rendered":"https:\/\/elrotativo.com.mx\/portal\/?p=24174"},"modified":"2025-10-15T08:07:59","modified_gmt":"2025-10-15T14:07:59","slug":"paro-estudiantil-en-la-uv-orizaba-estudiantes-exigen-justicia-por-jovenes-desaparecidos-tras-las-inundaciones-en-poza-rica","status":"publish","type":"post","link":"https:\/\/elrotativo.com.mx\/portal\/paro-estudiantil-en-la-uv-orizaba-estudiantes-exigen-justicia-por-jovenes-desaparecidos-tras-las-inundaciones-en-poza-rica\/","title":{"rendered":"Paro estudiantil en la UV Orizaba; Estudiantes exigen justicia por j\u00f3venes desaparecidos tras las inundaciones en Poza Rica"},"content":{"rendered":"\n<p>Orizaba, Ver.- Estudiantes de la Facultad de Enfermer\u00eda de la Universidad Veracruzana (UV) campus Orizaba, iniciaron este mi\u00e9rcoles en punto de las 06:00 un paro de labores y tomaron las instalaciones en solidaridad con sus compa\u00f1eros desaparecidos en la zona de Poza Rica, tras las devastadoras lluvias que afectaron al norte del estado.Los j\u00f3venes informaron que la suspensi\u00f3n de actividades se mantendr\u00e1 durante todo el d\u00eda, en los campus de las diferentes carreras de la regi\u00f3n, impidiendo el acceso a los edificios universitarios como una forma de protesta pac\u00edfica. \u201cEn la Facultad de enfermer\u00eda, somos cerca de 800 estudiantes participando en este paro\u201d, se\u00f1alaron representantes del movimiento.En un pronunciamiento p\u00fablico, los alumnos expresaron su indignaci\u00f3n y tristeza ante la p\u00e9rdida de vidas humanas y la presunta actuaci\u00f3n irregular de las autoridades durante el manejo de los cuerpos. \u201cNos pronunciamos en solidaridad con nuestras compa\u00f1eras y compa\u00f1eros de la regi\u00f3n Poza Rica, que perdieron la vida a causa de las recientes inundaciones. Manifestamos nuestra profunda indignaci\u00f3n ante la manera en que las autoridades estatales y municipales han manejado la situaci\u00f3n, intentando, seg\u00fan reportes, ocultar o deshacerse de los cuerpos sin investigaci\u00f3n ni respeto digno\u201d, se\u00f1ala el documento le\u00eddo durante la manifestaci\u00f3n.El pliego petitorio entregado a la direcci\u00f3n del plantel y a la Vicerrector\u00eda Regional exige a la Universidad Veracruzana pronunciarse p\u00fablicamente en defensa de la verdad y la justicia, as\u00ed como la creaci\u00f3n de una comisi\u00f3n universitaria independiente que investigue los hechos y acompa\u00f1e a las familias de las v\u00edctimas.Asimismo, solicitan apoyo psicol\u00f3gico para la comunidad estudiantil afectada por la noticia, adem\u00e1s de la realizaci\u00f3n de espacios de di\u00e1logo entre alumnos, autoridades y organismos de derechos humanos. \u201cLa vida y la dignidad humana deben ser respetadas por encima de todo. La Universidad no puede permanecer en silencio ante la injusticia\u201d, afirmaron los voceros del paro.Los j\u00f3venes adelantaron que el viernes realizar\u00e1n una marcha masiva por las calles de Orizaba, partiendo de la Plazoleta de los Dolores, con destino a la Vicerrector\u00eda ubicada en los l\u00edmites de la ciudad con R\u00edo Blanco, para continuar exigiendo justicia y visibilizar lo ocurrido en Poza Rica.El movimiento, subrayaron, se mantendr\u00e1 de forma pac\u00edfica pero firme, hasta obtener una respuesta clara de las autoridades universitarias y del Gobierno Estatal.<\/p>\n","protected":false},"excerpt":{"rendered":"<p>Orizaba, Ver.- Estudiantes de la Facultad de Enfermer\u00eda de la Universidad Veracruzana (UV) campus Orizaba, iniciaron este mi\u00e9rcoles en punto de las 06:00 un paro de labores y tomaron las instalaciones en solidaridad con sus compa\u00f1eros desaparecidos en la zona de Poza Rica, tras las devastadoras lluvias que afectaron al norte del estado.Los j\u00f3venes informaron [&hellip;]<\/p>\n","protected":false},"author":6,"featured_media":24178,"comment_status":"closed","ping_status":"open","sticky":false,"template":"","format":"standard","meta":{"rop_custom_images_group":[],"rop_custom_messages_group":[],"rop_publish_now":"initial","rop_publish_now_accounts":{"facebook_2001103103558832_1797403930571497":""},"rop_publish_now_history":[],"rop_publish_now_status":"pending","tdm_status":"","tdm_grid_status":"","footnotes":""},"categories":[26,10],"tags":[],"class_list":{"0":"post-24174","1":"post","2":"type-post","3":"status-publish","4":"format-standard","5":"has-post-thumbnail","7":"category-destacada-4","8":"category-local-regional"},"_links":{"self":[{"href":"https:\/\/elrotativo.com.mx\/portal\/wp-json\/wp\/v2\/posts\/24174","targetHints":{"allow":["GET"]}}],"collection":[{"href":"https:\/\/elrotativo.com.mx\/portal\/wp-json\/wp\/v2\/posts"}],"about":[{"href":"https:\/\/elrotativo.com.mx\/portal\/wp-json\/wp\/v2\/types\/post"}],"author":[{"embeddable":true,"href":"https:\/\/elrotativo.com.mx\/portal\/wp-json\/wp\/v2\/users\/6"}],"replies":[{"embeddable":true,"href":"https:\/\/elrotativo.com.mx\/portal\/wp-json\/wp\/v2\/comments?post=24174"}],"version-history":[{"count":1,"href":"https:\/\/elrotativo.com.mx\/portal\/wp-json\/wp\/v2\/posts\/24174\/revisions"}],"predecessor-version":[{"id":24176,"href":"https:\/\/elrotativo.com.mx\/portal\/wp-json\/wp\/v2\/posts\/24174\/revisions\/24176"}],"wp:featuredmedia":[{"embeddable":true,"href":"https:\/\/elrotativo.com.mx\/portal\/wp-json\/wp\/v2\/media\/24178"}],"wp:attachment":[{"href":"https:\/\/elrotativo.com.mx\/portal\/wp-json\/wp\/v2\/media?parent=24174"}],"wp:term":[{"taxonomy":"category","embeddable":true,"href":"https:\/\/elrotativo.com.mx\/portal\/wp-json\/wp\/v2\/categories?post=24174"},{"taxonomy":"post_tag","embeddable":true,"href":"https:\/\/elrotativo.com.mx\/portal\/wp-json\/wp\/v2\/tags?post=24174"}],"curies":[{"name":"wp","href":"https:\/\/api.w.org\/{rel}","templated":true}]}}