{"id":24171,"date":"2025-10-15T07:44:46","date_gmt":"2025-10-15T13:44:46","guid":{"rendered":"https:\/\/elrotativo.com.mx\/portal\/?p=24171"},"modified":"2025-10-15T07:44:46","modified_gmt":"2025-10-15T13:44:46","slug":"gobierno-del-estado-se-compromete-a-rehabilitar-carretera-federal-orizaba-puebla","status":"publish","type":"post","link":"https:\/\/elrotativo.com.mx\/portal\/gobierno-del-estado-se-compromete-a-rehabilitar-carretera-federal-orizaba-puebla\/","title":{"rendered":"Gobierno del Estado se compromete a rehabilitar carretera federal Orizaba\u2013Puebla"},"content":{"rendered":"\n<p><strong>Trabajos iniciar\u00edan hasta enero de 2026<\/strong><\/p>\n\n\n\n<p> Nogales, Ver.- Aunque la rehabilitaci\u00f3n de la carretera federal Orizaba\u2013Puebla, en el tramo de Ojo Zarco, fue confirmada por el Gobierno del Estado, los trabajos no iniciar\u00e1n sino hasta los primeros meses de 2026, inform\u00f3 el secretario de Gobierno, Ricardo Ahued Bardahuil.Durante un encuentro con habitantes y representantes de comunidades del municipio de Nogales, el funcionario explic\u00f3 que la Secretar\u00eda de Infraestructura y Obras P\u00fablicas (SIOP) ya tiene el proyecto considerado como prioritario, pero ser\u00e1 incluido en el proceso de licitaci\u00f3n y validaci\u00f3n que el gobierno estatal realiza entre enero y abril del pr\u00f3ximo a\u00f1o. \u201cLa gobernadora nos ha dado la instrucci\u00f3n de avanzar con el proyecto para que, durante el periodo de concursos y licitaciones del primer trimestre de 2026, se concrete su ejecuci\u00f3n\u201d, se\u00f1al\u00f3 Ahued Bardahuil.El anuncio genera expectativa entre los pobladores de Ojo Zarco y comunidades cercanas, quienes por a\u00f1os han solicitado la reconstrucci\u00f3n de este tramo carretero debido a su deterioro y peligrosas condiciones de tr\u00e1nsito.La v\u00eda, que conecta al estado de Veracruz con Puebla es una de las m\u00e1s transitadas por automovilistas y transportistas, por lo que su modernizaci\u00f3n representa una mejora significativa en seguridad y conectividad regional.Los pobladores afectados reconocieron la disposici\u00f3n del Gobierno de Veracruz para atender una demanda hist\u00f3rica, y confiaron en que el proyecto sea cumplido dentro de los tiempos establecidos para fortalecer la infraestructura y el desarrollo econ\u00f3mico de la zona.<\/p>\n","protected":false},"excerpt":{"rendered":"<p>Trabajos iniciar\u00edan hasta enero de 2026 Nogales, Ver.- Aunque la rehabilitaci\u00f3n de la carretera federal Orizaba\u2013Puebla, en el tramo de Ojo Zarco, fue confirmada por el Gobierno del Estado, los trabajos no iniciar\u00e1n sino hasta los primeros meses de 2026, inform\u00f3 el secretario de Gobierno, Ricardo Ahued Bardahuil.Durante un encuentro con habitantes y representantes de [&hellip;]<\/p>\n","protected":false},"author":6,"featured_media":24172,"comment_status":"closed","ping_status":"open","sticky":false,"template":"","format":"standard","meta":{"rop_custom_images_group":[],"rop_custom_messages_group":[],"rop_publish_now":"initial","rop_publish_now_accounts":{"facebook_2001103103558832_1797403930571497":""},"rop_publish_now_history":[],"rop_publish_now_status":"pending","tdm_status":"","tdm_grid_status":"","footnotes":""},"categories":[26,10],"tags":[],"class_list":{"0":"post-24171","1":"post","2":"type-post","3":"status-publish","4":"format-standard","5":"has-post-thumbnail","7":"category-destacada-4","8":"category-local-regional"},"_links":{"self":[{"href":"https:\/\/elrotativo.com.mx\/portal\/wp-json\/wp\/v2\/posts\/24171","targetHints":{"allow":["GET"]}}],"collection":[{"href":"https:\/\/elrotativo.com.mx\/portal\/wp-json\/wp\/v2\/posts"}],"about":[{"href":"https:\/\/elrotativo.com.mx\/portal\/wp-json\/wp\/v2\/types\/post"}],"author":[{"embeddable":true,"href":"https:\/\/elrotativo.com.mx\/portal\/wp-json\/wp\/v2\/users\/6"}],"replies":[{"embeddable":true,"href":"https:\/\/elrotativo.com.mx\/portal\/wp-json\/wp\/v2\/comments?post=24171"}],"version-history":[{"count":1,"href":"https:\/\/elrotativo.com.mx\/portal\/wp-json\/wp\/v2\/posts\/24171\/revisions"}],"predecessor-version":[{"id":24173,"href":"https:\/\/elrotativo.com.mx\/portal\/wp-json\/wp\/v2\/posts\/24171\/revisions\/24173"}],"wp:featuredmedia":[{"embeddable":true,"href":"https:\/\/elrotativo.com.mx\/portal\/wp-json\/wp\/v2\/media\/24172"}],"wp:attachment":[{"href":"https:\/\/elrotativo.com.mx\/portal\/wp-json\/wp\/v2\/media?parent=24171"}],"wp:term":[{"taxonomy":"category","embeddable":true,"href":"https:\/\/elrotativo.com.mx\/portal\/wp-json\/wp\/v2\/categories?post=24171"},{"taxonomy":"post_tag","embeddable":true,"href":"https:\/\/elrotativo.com.mx\/portal\/wp-json\/wp\/v2\/tags?post=24171"}],"curies":[{"name":"wp","href":"https:\/\/api.w.org\/{rel}","templated":true}]}}