{"id":24167,"date":"2025-10-14T13:37:43","date_gmt":"2025-10-14T19:37:43","guid":{"rendered":"https:\/\/elrotativo.com.mx\/portal\/?p=24167"},"modified":"2025-10-14T13:37:44","modified_gmt":"2025-10-14T19:37:44","slug":"habitantes-de-ojo-zarco-viajan-a-xalapa-para-exigir-reparacion-de-carretera-federal","status":"publish","type":"post","link":"https:\/\/elrotativo.com.mx\/portal\/habitantes-de-ojo-zarco-viajan-a-xalapa-para-exigir-reparacion-de-carretera-federal\/","title":{"rendered":"Habitantes de Ojo Zarco viajan a Xalapa para exigir reparaci\u00f3n de carretera federal"},"content":{"rendered":"\n<p>Nogales, Ver.\u2013 Habitantes de la comunidad de Ojo Zarco, del municipio de Nogales, se trasladaron este martes a la ciudad de Xalapa para sostener una reuni\u00f3n con el secretario de Gobierno del estado, con el prop\u00f3sito de exigir atenci\u00f3n inmediata a la carretera federal que conecta Veracruz con Puebla, una v\u00eda que lleva m\u00e1s de 30 a\u00f1os en el abandono.De acuerdo con los representantes de la comunidad, la comitiva viaja por cuenta propia, sin el respaldo de organizaciones civiles ni apoyo pol\u00edtico alguno. Esto, luego de que en las manifestaciones de d\u00edas pasados dos organizaciones de la Sierra de Zongolica, del municipio de Soledad Atzompa, se sumaron a las protestas. Explicaron que los gastos de combustible y vi\u00e1ticos fueron cubiertos con aportaciones de vecinos y personas solidarias que se han sumado al movimiento.\u201cVamos de manera independiente, sin intereses pol\u00edticos ni partidistas. Las organizaciones que antes nos acompa\u00f1aban se deslindaron, pero eso no nos detiene. Seguimos trabajando por Ojo Zarco\u201d, expresaron los voceros del grupo antes de partir hacia la capital del estado.La movilizaci\u00f3n se da luego de los bloqueos registrados la semana pasada sobre la carretera federal que une a Nogales, Acultzingo y Tehuac\u00e1n, en dos puntos estrat\u00e9gicos: uno en el municipio de Nogales y otro m\u00e1s en la comunidad de Ojo Zarco, al igual que el bloqueo que mantuvieron por algunas horas en la autopista Orizaba\u2013Puebla (150D), donde los pobladores exigieron la rehabilitaci\u00f3n del tramo que se encuentra en condiciones deplorables, afectando la movilidad y la seguridad de cientos de familias.Los habitantes de Ojo Zarco advirtieron que, en caso de no obtener una respuesta favorable por parte de las autoridades estatales, retomar\u00e1n las acciones de protesta, incluyendo nuevos bloqueos carreteros, hasta lograr compromisos firmes para la reparaci\u00f3n de la v\u00eda.\u201cNos mantendremos informando a la poblaci\u00f3n sobre los acuerdos que se alcancen. Si hay una respuesta positiva, la daremos a conocer; y si no, continuaremos en la lucha\u201d, concluyeron.<\/p>\n","protected":false},"excerpt":{"rendered":"<p>Nogales, Ver.\u2013 Habitantes de la comunidad de Ojo Zarco, del municipio de Nogales, se trasladaron este martes a la ciudad de Xalapa para sostener una reuni\u00f3n con el secretario de Gobierno del estado, con el prop\u00f3sito de exigir atenci\u00f3n inmediata a la carretera federal que conecta Veracruz con Puebla, una v\u00eda que lleva m\u00e1s de [&hellip;]<\/p>\n","protected":false},"author":6,"featured_media":24169,"comment_status":"closed","ping_status":"open","sticky":false,"template":"","format":"standard","meta":{"rop_custom_images_group":[],"rop_custom_messages_group":[],"rop_publish_now":"initial","rop_publish_now_accounts":{"facebook_2001103103558832_1797403930571497":""},"rop_publish_now_history":[],"rop_publish_now_status":"pending","tdm_status":"","tdm_grid_status":"","footnotes":""},"categories":[26,10],"tags":[],"class_list":{"0":"post-24167","1":"post","2":"type-post","3":"status-publish","4":"format-standard","5":"has-post-thumbnail","7":"category-destacada-4","8":"category-local-regional"},"_links":{"self":[{"href":"https:\/\/elrotativo.com.mx\/portal\/wp-json\/wp\/v2\/posts\/24167","targetHints":{"allow":["GET"]}}],"collection":[{"href":"https:\/\/elrotativo.com.mx\/portal\/wp-json\/wp\/v2\/posts"}],"about":[{"href":"https:\/\/elrotativo.com.mx\/portal\/wp-json\/wp\/v2\/types\/post"}],"author":[{"embeddable":true,"href":"https:\/\/elrotativo.com.mx\/portal\/wp-json\/wp\/v2\/users\/6"}],"replies":[{"embeddable":true,"href":"https:\/\/elrotativo.com.mx\/portal\/wp-json\/wp\/v2\/comments?post=24167"}],"version-history":[{"count":1,"href":"https:\/\/elrotativo.com.mx\/portal\/wp-json\/wp\/v2\/posts\/24167\/revisions"}],"predecessor-version":[{"id":24168,"href":"https:\/\/elrotativo.com.mx\/portal\/wp-json\/wp\/v2\/posts\/24167\/revisions\/24168"}],"wp:featuredmedia":[{"embeddable":true,"href":"https:\/\/elrotativo.com.mx\/portal\/wp-json\/wp\/v2\/media\/24169"}],"wp:attachment":[{"href":"https:\/\/elrotativo.com.mx\/portal\/wp-json\/wp\/v2\/media?parent=24167"}],"wp:term":[{"taxonomy":"category","embeddable":true,"href":"https:\/\/elrotativo.com.mx\/portal\/wp-json\/wp\/v2\/categories?post=24167"},{"taxonomy":"post_tag","embeddable":true,"href":"https:\/\/elrotativo.com.mx\/portal\/wp-json\/wp\/v2\/tags?post=24167"}],"curies":[{"name":"wp","href":"https:\/\/api.w.org\/{rel}","templated":true}]}}