{"id":24164,"date":"2025-10-14T13:20:06","date_gmt":"2025-10-14T19:20:06","guid":{"rendered":"https:\/\/elrotativo.com.mx\/portal\/?p=24164"},"modified":"2025-10-14T13:20:07","modified_gmt":"2025-10-14T19:20:07","slug":"por-presuntas-amenazas-padres-de-familia-liberan-escuela-en-ixtaczoquitlan","status":"publish","type":"post","link":"https:\/\/elrotativo.com.mx\/portal\/por-presuntas-amenazas-padres-de-familia-liberan-escuela-en-ixtaczoquitlan\/","title":{"rendered":"Por presuntas amenazas, padres de familia liberan escuela en Ixtaczoquitl\u00e1n"},"content":{"rendered":"\n<p>Ixtaczoquitl\u00e1n, Ver.\u2013 Por presuntas amenazas an\u00f3nimas hechas a trav\u00e9s de redes sociales, padres de familia de la escuela primaria \u201cBenito Ju\u00e1rez Garc\u00eda\u201d determinaron liberar el plantel la noche del lunes, luego de mantenerlo cerrado durante cuatro d\u00edas como parte de una protesta.La instituci\u00f3n, ubicada en la cabecera municipal, fue liberada alrededor de las 22:53 horas, lo que permiti\u00f3 el regreso a clases la ma\u00f1ana de este martes, luego de que el pasado viernes se iniciara el plant\u00f3n en exigencia a la Secretar\u00eda de Educaci\u00f3n de Veracruz (SEV) para la ratificaci\u00f3n del director V\u00edctor Santiago.Pese a la movilizaci\u00f3n, la SEV no atendi\u00f3 la demanda y design\u00f3 oficialmente a la maestra Bertha D\u00edaz Rojas como nueva directora del plantel, por lo que padres determinaron mantener el bloqueo, sin embargo, se\u00f1alaron que su protesta fue pac\u00edfica y que s\u00f3lo buscaban una respuesta formal de las autoridades educativas a los oficios presentados. \u201cHasta el momento no hemos recibido ninguna respuesta oficial\u201d, denunciaron.Los inconformes revelaron que durante los \u00faltimos d\u00edas fueron objeto de mensajes intimidatorios y amenazas en redes sociales, con publicaciones que instaban a la violencia, lo que los llev\u00f3 a liberar las instalaciones como medida de protecci\u00f3n. \u201cHemos recibido mensajes con amenazas hacia nuestra integridad f\u00edsica y moral, provenientes de personas que se ocultan en el anonimato\u201d, expusieron.Aunque el plantel ya fue entregado, los padres advirtieron que su lucha continuar\u00e1 por la v\u00eda legal y pac\u00edfica, y que presentar\u00e1n un acta de hechos ante las autoridades para solicitar protecci\u00f3n.<\/p>\n","protected":false},"excerpt":{"rendered":"<p>Ixtaczoquitl\u00e1n, Ver.\u2013 Por presuntas amenazas an\u00f3nimas hechas a trav\u00e9s de redes sociales, padres de familia de la escuela primaria \u201cBenito Ju\u00e1rez Garc\u00eda\u201d determinaron liberar el plantel la noche del lunes, luego de mantenerlo cerrado durante cuatro d\u00edas como parte de una protesta.La instituci\u00f3n, ubicada en la cabecera municipal, fue liberada alrededor de las 22:53 horas, [&hellip;]<\/p>\n","protected":false},"author":6,"featured_media":24165,"comment_status":"closed","ping_status":"open","sticky":false,"template":"","format":"standard","meta":{"rop_custom_images_group":[],"rop_custom_messages_group":[],"rop_publish_now":"initial","rop_publish_now_accounts":{"facebook_2001103103558832_1797403930571497":""},"rop_publish_now_history":[],"rop_publish_now_status":"pending","tdm_status":"","tdm_grid_status":"","footnotes":""},"categories":[26,10],"tags":[],"class_list":{"0":"post-24164","1":"post","2":"type-post","3":"status-publish","4":"format-standard","5":"has-post-thumbnail","7":"category-destacada-4","8":"category-local-regional"},"_links":{"self":[{"href":"https:\/\/elrotativo.com.mx\/portal\/wp-json\/wp\/v2\/posts\/24164","targetHints":{"allow":["GET"]}}],"collection":[{"href":"https:\/\/elrotativo.com.mx\/portal\/wp-json\/wp\/v2\/posts"}],"about":[{"href":"https:\/\/elrotativo.com.mx\/portal\/wp-json\/wp\/v2\/types\/post"}],"author":[{"embeddable":true,"href":"https:\/\/elrotativo.com.mx\/portal\/wp-json\/wp\/v2\/users\/6"}],"replies":[{"embeddable":true,"href":"https:\/\/elrotativo.com.mx\/portal\/wp-json\/wp\/v2\/comments?post=24164"}],"version-history":[{"count":1,"href":"https:\/\/elrotativo.com.mx\/portal\/wp-json\/wp\/v2\/posts\/24164\/revisions"}],"predecessor-version":[{"id":24166,"href":"https:\/\/elrotativo.com.mx\/portal\/wp-json\/wp\/v2\/posts\/24164\/revisions\/24166"}],"wp:featuredmedia":[{"embeddable":true,"href":"https:\/\/elrotativo.com.mx\/portal\/wp-json\/wp\/v2\/media\/24165"}],"wp:attachment":[{"href":"https:\/\/elrotativo.com.mx\/portal\/wp-json\/wp\/v2\/media?parent=24164"}],"wp:term":[{"taxonomy":"category","embeddable":true,"href":"https:\/\/elrotativo.com.mx\/portal\/wp-json\/wp\/v2\/categories?post=24164"},{"taxonomy":"post_tag","embeddable":true,"href":"https:\/\/elrotativo.com.mx\/portal\/wp-json\/wp\/v2\/tags?post=24164"}],"curies":[{"name":"wp","href":"https:\/\/api.w.org\/{rel}","templated":true}]}}