{"id":24150,"date":"2025-10-13T22:20:59","date_gmt":"2025-10-14T04:20:59","guid":{"rendered":"https:\/\/elrotativo.com.mx\/portal\/?p=24150"},"modified":"2025-10-13T22:20:59","modified_gmt":"2025-10-14T04:20:59","slug":"estudiantes-de-la-uv-marcharan-en-orizaba-por-justicia-y-contra-la-negligencia-institucional","status":"publish","type":"post","link":"https:\/\/elrotativo.com.mx\/portal\/estudiantes-de-la-uv-marcharan-en-orizaba-por-justicia-y-contra-la-negligencia-institucional\/","title":{"rendered":"Estudiantes de la UV marchar\u00e1n en Orizaba por justicia y contra la negligencia institucional"},"content":{"rendered":"\n<p>*Acusan al Estado y a autoridades universitarias de ser responsables por muertes de alumnos en el norte del estado<\/p>\n\n\n\n<p>Orizaba, Ver. \u2013 En un acto de indignaci\u00f3n estudiantes de la Universidad Veracruzana (UV) convocaron a una megamarcha por la justicia y la responsabilidad institucional, tras la tragedia registrada en la zona norte del estado, donde varios j\u00f3venes universitarios perdieron la vida o se encuentran desaparecidos a consecuencia de las recientes inundaciones.La movilizaci\u00f3n se realizar\u00e1 el pr\u00f3ximo viernes 17 de octubre a la 1:00 de la tarde, con punto de partida en la Iglesia de Los Dolores y destino final en la Vicerrector\u00eda de la UV, ubicada en los l\u00edmites entre Orizaba y R\u00edo Blanco, solicitando a los participantes vestir ropa negra, portar credencial universitaria, calzado c\u00f3modo y pancartas alusivas a las demandas del movimiento. \u201cLo ocurrido en la zona norte no fue un accidente; fue consecuencia directa de la negligencia del Estado y de la Universidad Veracruzana\u201d, se\u00f1alaron los estudiantes en un comunicado p\u00fablico.Los universitarios aseguran que los pron\u00f3sticos meteorol\u00f3gicos y las advertencias sobre riesgo de inundaciones eran conocidos con una semana de anticipaci\u00f3n, pero las autoridades educativas decidieron no suspender clases sino hasta cuando la emergencia ya se encontraba fuera de control. \u201cMientras el agua sub\u00eda, ellos dorm\u00edan. Hoy hay estudiantes muertos, desaparecidos y comunidades devastadas. Y las autoridades s\u00f3lo emiten comunicados para deslindarse. No lo vamos a permitir\u201d, expresaron.Durante el recorrido por la avenida principal los j\u00f3venes exigir\u00e1n la destituci\u00f3n de funcionarios universitarios y estatales a quienes responsabilizan por omisi\u00f3n y falta de respuesta oportuna.La consigna central ser\u00e1 \u201c\u00a1Exigimos respuestas y justicia!\u201d, con el llamado a mantener la manifestaci\u00f3n de forma pac\u00edfica y organizada, en defensa de los derechos y la memoria de sus compa\u00f1eros. \u201cQueremos responsabilidades, no discursos vac\u00edos\u201d, puntualiza el mensaje de los convocantes.<\/p>\n","protected":false},"excerpt":{"rendered":"<p>*Acusan al Estado y a autoridades universitarias de ser responsables por muertes de alumnos en el norte del estado Orizaba, Ver. \u2013 En un acto de indignaci\u00f3n estudiantes de la Universidad Veracruzana (UV) convocaron a una megamarcha por la justicia y la responsabilidad institucional, tras la tragedia registrada en la zona norte del estado, donde [&hellip;]<\/p>\n","protected":false},"author":6,"featured_media":24151,"comment_status":"closed","ping_status":"open","sticky":false,"template":"","format":"standard","meta":{"rop_custom_images_group":[],"rop_custom_messages_group":[],"rop_publish_now":"initial","rop_publish_now_accounts":{"facebook_2001103103558832_1797403930571497":""},"rop_publish_now_history":[],"rop_publish_now_status":"pending","tdm_status":"","tdm_grid_status":"","footnotes":""},"categories":[26,10],"tags":[],"class_list":{"0":"post-24150","1":"post","2":"type-post","3":"status-publish","4":"format-standard","5":"has-post-thumbnail","7":"category-destacada-4","8":"category-local-regional"},"_links":{"self":[{"href":"https:\/\/elrotativo.com.mx\/portal\/wp-json\/wp\/v2\/posts\/24150","targetHints":{"allow":["GET"]}}],"collection":[{"href":"https:\/\/elrotativo.com.mx\/portal\/wp-json\/wp\/v2\/posts"}],"about":[{"href":"https:\/\/elrotativo.com.mx\/portal\/wp-json\/wp\/v2\/types\/post"}],"author":[{"embeddable":true,"href":"https:\/\/elrotativo.com.mx\/portal\/wp-json\/wp\/v2\/users\/6"}],"replies":[{"embeddable":true,"href":"https:\/\/elrotativo.com.mx\/portal\/wp-json\/wp\/v2\/comments?post=24150"}],"version-history":[{"count":1,"href":"https:\/\/elrotativo.com.mx\/portal\/wp-json\/wp\/v2\/posts\/24150\/revisions"}],"predecessor-version":[{"id":24152,"href":"https:\/\/elrotativo.com.mx\/portal\/wp-json\/wp\/v2\/posts\/24150\/revisions\/24152"}],"wp:featuredmedia":[{"embeddable":true,"href":"https:\/\/elrotativo.com.mx\/portal\/wp-json\/wp\/v2\/media\/24151"}],"wp:attachment":[{"href":"https:\/\/elrotativo.com.mx\/portal\/wp-json\/wp\/v2\/media?parent=24150"}],"wp:term":[{"taxonomy":"category","embeddable":true,"href":"https:\/\/elrotativo.com.mx\/portal\/wp-json\/wp\/v2\/categories?post=24150"},{"taxonomy":"post_tag","embeddable":true,"href":"https:\/\/elrotativo.com.mx\/portal\/wp-json\/wp\/v2\/tags?post=24150"}],"curies":[{"name":"wp","href":"https:\/\/api.w.org\/{rel}","templated":true}]}}