{"id":20666,"date":"2025-01-16T13:15:53","date_gmt":"2025-01-16T19:15:53","guid":{"rendered":"https:\/\/elrotativo.com.mx\/portal\/?p=20666"},"modified":"2025-01-16T13:15:54","modified_gmt":"2025-01-16T19:15:54","slug":"maestros-indigenas-protestan-en-sev-de-orizaba","status":"publish","type":"post","link":"https:\/\/elrotativo.com.mx\/portal\/maestros-indigenas-protestan-en-sev-de-orizaba\/","title":{"rendered":"Maestros ind\u00edgenas protestan en SEV de Orizaba"},"content":{"rendered":"\n<p><br>*Rechazan nombramiento de nuevo director<br><br>Orizaba, Ver.- Un grupo de maestros de educaci\u00f3n ind\u00edgena tomaron las instalaciones de la Secretar\u00eda de Educaci\u00f3n de Veracruz (SEV) en Orizaba, en se\u00f1al de protesta por el nombramiento de Galdino Diego P\u00e9rez como director de Educaci\u00f3n Ind\u00edgena.<br>Los docentes inconformes argumentaron que el nuevo funcionario carece de los conocimientos y experiencia necesarios para desempe\u00f1ar este puesto, ya que no cuenta con v\u00ednculos con las lenguas ind\u00edgenas de la regi\u00f3n.<br>De igual forma lo acusaron de percibir un sueldo sin realizar las labores correspondientes, por lo que exigen la revocaci\u00f3n del nombramiento de Galdino Diego P\u00e9rez y pidieron que se nombre a una persona que conozca a profundidad las necesidades y particularidades de la educaci\u00f3n ind\u00edgena en la zona.<br>\u00abNo podemos permitir que alguien que no comparte nuestra cultura y nuestras luchas dirija la educaci\u00f3n ind\u00edgena en nuestra regi\u00f3n\u00bb, finalizaron.<\/p>\n","protected":false},"excerpt":{"rendered":"<p>*Rechazan nombramiento de nuevo director Orizaba, Ver.- Un grupo de maestros de educaci\u00f3n ind\u00edgena tomaron las instalaciones de la Secretar\u00eda de Educaci\u00f3n de Veracruz (SEV) en Orizaba, en se\u00f1al de protesta por el nombramiento de Galdino Diego P\u00e9rez como director de Educaci\u00f3n Ind\u00edgena.Los docentes inconformes argumentaron que el nuevo funcionario carece de los conocimientos y [&hellip;]<\/p>\n","protected":false},"author":6,"featured_media":20667,"comment_status":"closed","ping_status":"open","sticky":false,"template":"","format":"standard","meta":{"rop_custom_images_group":[],"rop_custom_messages_group":[],"rop_publish_now":"initial","rop_publish_now_accounts":{"facebook_2001103103558832_1797403930571497":""},"rop_publish_now_history":[],"rop_publish_now_status":"pending","tdm_status":"","tdm_grid_status":"","footnotes":""},"categories":[26,10],"tags":[],"class_list":{"0":"post-20666","1":"post","2":"type-post","3":"status-publish","4":"format-standard","5":"has-post-thumbnail","7":"category-destacada-4","8":"category-local-regional"},"_links":{"self":[{"href":"https:\/\/elrotativo.com.mx\/portal\/wp-json\/wp\/v2\/posts\/20666","targetHints":{"allow":["GET"]}}],"collection":[{"href":"https:\/\/elrotativo.com.mx\/portal\/wp-json\/wp\/v2\/posts"}],"about":[{"href":"https:\/\/elrotativo.com.mx\/portal\/wp-json\/wp\/v2\/types\/post"}],"author":[{"embeddable":true,"href":"https:\/\/elrotativo.com.mx\/portal\/wp-json\/wp\/v2\/users\/6"}],"replies":[{"embeddable":true,"href":"https:\/\/elrotativo.com.mx\/portal\/wp-json\/wp\/v2\/comments?post=20666"}],"version-history":[{"count":1,"href":"https:\/\/elrotativo.com.mx\/portal\/wp-json\/wp\/v2\/posts\/20666\/revisions"}],"predecessor-version":[{"id":20668,"href":"https:\/\/elrotativo.com.mx\/portal\/wp-json\/wp\/v2\/posts\/20666\/revisions\/20668"}],"wp:featuredmedia":[{"embeddable":true,"href":"https:\/\/elrotativo.com.mx\/portal\/wp-json\/wp\/v2\/media\/20667"}],"wp:attachment":[{"href":"https:\/\/elrotativo.com.mx\/portal\/wp-json\/wp\/v2\/media?parent=20666"}],"wp:term":[{"taxonomy":"category","embeddable":true,"href":"https:\/\/elrotativo.com.mx\/portal\/wp-json\/wp\/v2\/categories?post=20666"},{"taxonomy":"post_tag","embeddable":true,"href":"https:\/\/elrotativo.com.mx\/portal\/wp-json\/wp\/v2\/tags?post=20666"}],"curies":[{"name":"wp","href":"https:\/\/api.w.org\/{rel}","templated":true}]}}