{"id":20663,"date":"2025-01-16T13:13:55","date_gmt":"2025-01-16T19:13:55","guid":{"rendered":"https:\/\/elrotativo.com.mx\/portal\/?p=20663"},"modified":"2025-01-16T13:13:56","modified_gmt":"2025-01-16T19:13:56","slug":"trabajadores-del-imss-bienestar-protestan-en-jurisdiccion-sanitaria","status":"publish","type":"post","link":"https:\/\/elrotativo.com.mx\/portal\/trabajadores-del-imss-bienestar-protestan-en-jurisdiccion-sanitaria\/","title":{"rendered":"Trabajadores del IMSS Bienestar protestan en Jurisdicci\u00f3n Sanitaria"},"content":{"rendered":"\n<p> Orizaba, Ver. \u2013 Un grupo de trabajadores de la Jurisdicci\u00f3n Sanitaria n\u00famero 7, adscritos al programa IMSS Bienestar, realizaron una manifestaci\u00f3n pac\u00edfica este jueves para exigir el pago pendiente de algunas prestaciones laborales correspondientes al a\u00f1o 2024.Los inconformes, que suman alrededor de 200 personas, denunciaron que tienen pendientes el pago de la segunda parte del aguinaldo, el \u00faltimo bono trimestral del a\u00f1o pasado y el est\u00edmulo anual por puntualidad y asistencia.Agregaron que a esto  se suman las carencias en el equipamiento y las herramientas necesarias para desempe\u00f1ar sus funciones de manera adecuada cono es la falta de infraestructura tecnol\u00f3gica los obliga a utilizar sus propios dispositivos y recursos econ\u00f3micos. \u201cNos miden la productividad, pero no tenemos internet para llenar los formularios\u00bb.Los manifestantes aseguraron que la falta de informaci\u00f3n por parte de las autoridades del IMSS Bienestar ha dificultado conocer el n\u00famero exacto de trabajadores afectados, sin embargo, coincidieron en que la problem\u00e1tica es generalizada entre el personal de la jurisdicci\u00f3n.Ante esta situaci\u00f3n, los trabajadores solicitaron una reuni\u00f3n con representantes del IMSS Bienestar En donde esperan se obtengan respuestas concretas y soluciones a las demandas de los trabajadores.<\/p>\n","protected":false},"excerpt":{"rendered":"<p>Orizaba, Ver. \u2013 Un grupo de trabajadores de la Jurisdicci\u00f3n Sanitaria n\u00famero 7, adscritos al programa IMSS Bienestar, realizaron una manifestaci\u00f3n pac\u00edfica este jueves para exigir el pago pendiente de algunas prestaciones laborales correspondientes al a\u00f1o 2024.Los inconformes, que suman alrededor de 200 personas, denunciaron que tienen pendientes el pago de la segunda parte del [&hellip;]<\/p>\n","protected":false},"author":6,"featured_media":20664,"comment_status":"closed","ping_status":"open","sticky":false,"template":"","format":"standard","meta":{"rop_custom_images_group":[],"rop_custom_messages_group":[],"rop_publish_now":"initial","rop_publish_now_accounts":{"facebook_2001103103558832_1797403930571497":""},"rop_publish_now_history":[],"rop_publish_now_status":"pending","tdm_status":"","tdm_grid_status":"","footnotes":""},"categories":[26,10],"tags":[],"class_list":{"0":"post-20663","1":"post","2":"type-post","3":"status-publish","4":"format-standard","5":"has-post-thumbnail","7":"category-destacada-4","8":"category-local-regional"},"_links":{"self":[{"href":"https:\/\/elrotativo.com.mx\/portal\/wp-json\/wp\/v2\/posts\/20663","targetHints":{"allow":["GET"]}}],"collection":[{"href":"https:\/\/elrotativo.com.mx\/portal\/wp-json\/wp\/v2\/posts"}],"about":[{"href":"https:\/\/elrotativo.com.mx\/portal\/wp-json\/wp\/v2\/types\/post"}],"author":[{"embeddable":true,"href":"https:\/\/elrotativo.com.mx\/portal\/wp-json\/wp\/v2\/users\/6"}],"replies":[{"embeddable":true,"href":"https:\/\/elrotativo.com.mx\/portal\/wp-json\/wp\/v2\/comments?post=20663"}],"version-history":[{"count":1,"href":"https:\/\/elrotativo.com.mx\/portal\/wp-json\/wp\/v2\/posts\/20663\/revisions"}],"predecessor-version":[{"id":20665,"href":"https:\/\/elrotativo.com.mx\/portal\/wp-json\/wp\/v2\/posts\/20663\/revisions\/20665"}],"wp:featuredmedia":[{"embeddable":true,"href":"https:\/\/elrotativo.com.mx\/portal\/wp-json\/wp\/v2\/media\/20664"}],"wp:attachment":[{"href":"https:\/\/elrotativo.com.mx\/portal\/wp-json\/wp\/v2\/media?parent=20663"}],"wp:term":[{"taxonomy":"category","embeddable":true,"href":"https:\/\/elrotativo.com.mx\/portal\/wp-json\/wp\/v2\/categories?post=20663"},{"taxonomy":"post_tag","embeddable":true,"href":"https:\/\/elrotativo.com.mx\/portal\/wp-json\/wp\/v2\/tags?post=20663"}],"curies":[{"name":"wp","href":"https:\/\/api.w.org\/{rel}","templated":true}]}}