{"id":20660,"date":"2025-01-15T19:54:46","date_gmt":"2025-01-16T01:54:46","guid":{"rendered":"https:\/\/elrotativo.com.mx\/portal\/?p=20660"},"modified":"2025-01-15T19:54:47","modified_gmt":"2025-01-16T01:54:47","slug":"ivm-debe-tener-una-titular-comprometida-con-la-lucha-por-los-derechos-de-las-mujeres-marea-verde","status":"publish","type":"post","link":"https:\/\/elrotativo.com.mx\/portal\/ivm-debe-tener-una-titular-comprometida-con-la-lucha-por-los-derechos-de-las-mujeres-marea-verde\/","title":{"rendered":"IVM debe tener una titular comprometida con la lucha por los derechos de las mujeres: Marea Verde"},"content":{"rendered":"\n<p><br><br>Orizaba, Ver.- Ante la designaci\u00f3n de una nueva titular para el Instituto Veracruzano de las Mujeres (IVM), integrantes del colectivo Marea Verde Altas Monta\u00f1as levantaron la voz para exigir una figura que represente fielmente los intereses y necesidades de las mujeres veracruzanas.<br>Luz Mar\u00eda Reyes Huerta, integrante de este colectivo feminista, enfatiz\u00f3 que la pr\u00f3xima titular del IVM debe ser una mujer feminista, comprometida con la lucha por los derechos de las mujeres y cercana a sus realidades. \u201cNecesitamos una titular que tenga la camiseta puesta, que sea emp\u00e1tica y que est\u00e9 dispuesta a exigir el cumplimiento de las alertas de g\u00e9nero\u201d, afirm\u00f3.<br>Reyes Huerta se\u00f1al\u00f3 que las mujeres veracruzanas han enfrentado m\u00faltiples desaf\u00edos que no han sido atendidos por lo que es hora de que el IVM tenga una titular que sea una verdadera aliada. \u201cHemos visto que la encargada de despacho de la administraci\u00f3n pasada no cumpli\u00f3 con las expectativas. Ahora exigimos una titular que sea capaz de generar resultados claros y contundentes\u201d, expres\u00f3.<br>La activista record\u00f3 que el IVM es un organismo creado por y para apoyar a las mujeres, por lo que es fundamental que su titular sea una mujer que comprenda las luchas y las necesidades de este sector de la poblaci\u00f3n. \u201cNecesitamos una titular sorora, que defienda los derechos de las mujeres como si fueran los suyos propios\u201d, concluy\u00f3.<\/p>\n","protected":false},"excerpt":{"rendered":"<p>Orizaba, Ver.- Ante la designaci\u00f3n de una nueva titular para el Instituto Veracruzano de las Mujeres (IVM), integrantes del colectivo Marea Verde Altas Monta\u00f1as levantaron la voz para exigir una figura que represente fielmente los intereses y necesidades de las mujeres veracruzanas.Luz Mar\u00eda Reyes Huerta, integrante de este colectivo feminista, enfatiz\u00f3 que la pr\u00f3xima titular [&hellip;]<\/p>\n","protected":false},"author":6,"featured_media":20661,"comment_status":"closed","ping_status":"open","sticky":false,"template":"","format":"standard","meta":{"rop_custom_images_group":[],"rop_custom_messages_group":[],"rop_publish_now":"initial","rop_publish_now_accounts":{"facebook_2001103103558832_1797403930571497":""},"rop_publish_now_history":[],"rop_publish_now_status":"pending","tdm_status":"","tdm_grid_status":"","footnotes":""},"categories":[26,10],"tags":[],"class_list":{"0":"post-20660","1":"post","2":"type-post","3":"status-publish","4":"format-standard","5":"has-post-thumbnail","7":"category-destacada-4","8":"category-local-regional"},"_links":{"self":[{"href":"https:\/\/elrotativo.com.mx\/portal\/wp-json\/wp\/v2\/posts\/20660","targetHints":{"allow":["GET"]}}],"collection":[{"href":"https:\/\/elrotativo.com.mx\/portal\/wp-json\/wp\/v2\/posts"}],"about":[{"href":"https:\/\/elrotativo.com.mx\/portal\/wp-json\/wp\/v2\/types\/post"}],"author":[{"embeddable":true,"href":"https:\/\/elrotativo.com.mx\/portal\/wp-json\/wp\/v2\/users\/6"}],"replies":[{"embeddable":true,"href":"https:\/\/elrotativo.com.mx\/portal\/wp-json\/wp\/v2\/comments?post=20660"}],"version-history":[{"count":1,"href":"https:\/\/elrotativo.com.mx\/portal\/wp-json\/wp\/v2\/posts\/20660\/revisions"}],"predecessor-version":[{"id":20662,"href":"https:\/\/elrotativo.com.mx\/portal\/wp-json\/wp\/v2\/posts\/20660\/revisions\/20662"}],"wp:featuredmedia":[{"embeddable":true,"href":"https:\/\/elrotativo.com.mx\/portal\/wp-json\/wp\/v2\/media\/20661"}],"wp:attachment":[{"href":"https:\/\/elrotativo.com.mx\/portal\/wp-json\/wp\/v2\/media?parent=20660"}],"wp:term":[{"taxonomy":"category","embeddable":true,"href":"https:\/\/elrotativo.com.mx\/portal\/wp-json\/wp\/v2\/categories?post=20660"},{"taxonomy":"post_tag","embeddable":true,"href":"https:\/\/elrotativo.com.mx\/portal\/wp-json\/wp\/v2\/tags?post=20660"}],"curies":[{"name":"wp","href":"https:\/\/api.w.org\/{rel}","templated":true}]}}