{"id":20648,"date":"2025-01-13T23:50:19","date_gmt":"2025-01-14T05:50:19","guid":{"rendered":"https:\/\/elrotativo.com.mx\/portal\/?p=20648"},"modified":"2025-01-13T23:50:20","modified_gmt":"2025-01-14T05:50:20","slug":"sanos-y-salvos-localiza-a-alpinistas-en-el-volcan-pico-de-orizaba","status":"publish","type":"post","link":"https:\/\/elrotativo.com.mx\/portal\/sanos-y-salvos-localiza-a-alpinistas-en-el-volcan-pico-de-orizaba\/","title":{"rendered":"Sanos y salvos localiza a alpinistas en el Volc\u00e1n Pico de Orizaba"},"content":{"rendered":"\n<p><br><br>Tlachichuca, Pue.- Luego de que fueran reportados como localizados en el volc\u00e1n Pico de Orizaba la tarde del domingo, este lunes fueron encontrados los dos hombres sanos y salvos en la comunidad de M\u00e1quina Vieja en el municipio de Tlachichuca, inform\u00f3 Protecci\u00f3n Civil del estado de Puebla.<br>Y es que alrededor de las 18 horas del d\u00eda 12 de enero, civiles reportaron a los n\u00fameros de emergencias que un grupo de peregrinos alpinos hab\u00edan subido al Pico de Orizaba, sin embargo sin embargo dos personas se extraviaron en la zona alta del volc\u00e1n, por lo que se implement\u00f3 un operativo para su localizaci\u00f3n.<br>Personal de rescate con ayuda de Protecci\u00f3n Civil Municipal y el Club Alpino Guadalupe, la Coordinaci\u00f3n Regional de Ciudad Serd\u00e1n o Chalchicimula de Sesma y de la Coordinaci\u00f3n Estatal de Protecci\u00f3n Civil de Puebla trazaron una ruta para dar con su paradero, por lo que desde las cero horas de este lunes, comenzaron la b\u00fasqueda a pie en el volc\u00e1n por la cara sur-occidente del Pico de Orizaba y alrededor de las 9 horas con 40 minutos, ya se posicionaba en la cara sur del coloso, en \u00e1rea perteneciente a Atzizintla.<br>A la par de que equipos de b\u00fasqueda se encontraban a\u00fan en el volc\u00e1n, a las 08:30 de este lunes, pero debajo del Citlalt\u00e9petl, los familiares de Eduardo Conde de 34 a\u00f1os, originario de Apizaco, Tlaxcala y de Lorenzo Tentle, de 56 a\u00f1os de edad originario de Ciudad Serd\u00e1n, reportaron a las autoridades que ya hab\u00edan localizado a los afectados.<br>\u201cDerivado del trabajo interinstitucional, esta Coordinaci\u00f3n informa que los dos alpinistas extraviados en el volc\u00e1n Citlalt\u00e9petl, ya fueron localizados sanos y a salvo en la comunidad de M\u00e1quina Vieja del municipio de Tlachichuca\u201d. Fue el reporte de PC Puebla.<br>Es de mencionar que los desaparecidos formaban parte de un grupo de peregrinos que ascendieron al Citlalt\u00e9petl, como tambi\u00e9n se conoce al volc\u00e1n, con la intenci\u00f3n de cumplir una promesa religiosa, sin embargo, las condiciones clim\u00e1ticas adversas, caracterizadas por una densa niebla, dificultaron la orientaci\u00f3n de los alpinistas, quienes perdieron el contacto con sus acompa\u00f1antes.<\/p>\n","protected":false},"excerpt":{"rendered":"<p>Tlachichuca, Pue.- Luego de que fueran reportados como localizados en el volc\u00e1n Pico de Orizaba la tarde del domingo, este lunes fueron encontrados los dos hombres sanos y salvos en la comunidad de M\u00e1quina Vieja en el municipio de Tlachichuca, inform\u00f3 Protecci\u00f3n Civil del estado de Puebla.Y es que alrededor de las 18 horas del [&hellip;]<\/p>\n","protected":false},"author":6,"featured_media":20649,"comment_status":"closed","ping_status":"open","sticky":false,"template":"","format":"standard","meta":{"rop_custom_images_group":[],"rop_custom_messages_group":[],"rop_publish_now":"initial","rop_publish_now_accounts":{"facebook_2001103103558832_1797403930571497":""},"rop_publish_now_history":[],"rop_publish_now_status":"pending","tdm_status":"","tdm_grid_status":"","footnotes":""},"categories":[26,10],"tags":[],"class_list":{"0":"post-20648","1":"post","2":"type-post","3":"status-publish","4":"format-standard","5":"has-post-thumbnail","7":"category-destacada-4","8":"category-local-regional"},"_links":{"self":[{"href":"https:\/\/elrotativo.com.mx\/portal\/wp-json\/wp\/v2\/posts\/20648","targetHints":{"allow":["GET"]}}],"collection":[{"href":"https:\/\/elrotativo.com.mx\/portal\/wp-json\/wp\/v2\/posts"}],"about":[{"href":"https:\/\/elrotativo.com.mx\/portal\/wp-json\/wp\/v2\/types\/post"}],"author":[{"embeddable":true,"href":"https:\/\/elrotativo.com.mx\/portal\/wp-json\/wp\/v2\/users\/6"}],"replies":[{"embeddable":true,"href":"https:\/\/elrotativo.com.mx\/portal\/wp-json\/wp\/v2\/comments?post=20648"}],"version-history":[{"count":1,"href":"https:\/\/elrotativo.com.mx\/portal\/wp-json\/wp\/v2\/posts\/20648\/revisions"}],"predecessor-version":[{"id":20650,"href":"https:\/\/elrotativo.com.mx\/portal\/wp-json\/wp\/v2\/posts\/20648\/revisions\/20650"}],"wp:featuredmedia":[{"embeddable":true,"href":"https:\/\/elrotativo.com.mx\/portal\/wp-json\/wp\/v2\/media\/20649"}],"wp:attachment":[{"href":"https:\/\/elrotativo.com.mx\/portal\/wp-json\/wp\/v2\/media?parent=20648"}],"wp:term":[{"taxonomy":"category","embeddable":true,"href":"https:\/\/elrotativo.com.mx\/portal\/wp-json\/wp\/v2\/categories?post=20648"},{"taxonomy":"post_tag","embeddable":true,"href":"https:\/\/elrotativo.com.mx\/portal\/wp-json\/wp\/v2\/tags?post=20648"}],"curies":[{"name":"wp","href":"https:\/\/api.w.org\/{rel}","templated":true}]}}