{"id":20645,"date":"2025-01-12T16:10:07","date_gmt":"2025-01-12T22:10:07","guid":{"rendered":"https:\/\/elrotativo.com.mx\/portal\/?p=20645"},"modified":"2025-01-12T16:10:08","modified_gmt":"2025-01-12T22:10:08","slug":"comunidad-lgbtq-tendra-tres-dias-de-luto-por-asesinato-de-integrantes","status":"publish","type":"post","link":"https:\/\/elrotativo.com.mx\/portal\/comunidad-lgbtq-tendra-tres-dias-de-luto-por-asesinato-de-integrantes\/","title":{"rendered":"Comunidad LGBTQ+ tendr\u00e1 tres d\u00edas de luto por asesinato de integrantes"},"content":{"rendered":"\n<p>\u201dExigimos ya no que la fiscal haga su trabajo lo que ahora exigimos es que sea destituida de un cargo que le ha quedado bastante grande\u201d: Colectivo Igualdad <\/p>\n\n\n\n<p>Orizaba, Ver.- A la exigencia de justicia por los asesinatos de Ehdibaldo Presa Parra, catedr\u00e1tico de la Facultad de Agronom\u00eda de la Universidad Veracruzana en C\u00f3rdoba y la localizaci\u00f3n sin vida de Ariadna Guadalupe Cort\u00e9s Hern\u00e1ndez, desaparecida el 2 de febrero de 2024 en R\u00edo Blanco la comunidad LGBTQ+ sum\u00f3 desde este s\u00e1bado tres d\u00edas de luto, ya que se aseguran no son hechos aislados, sino que se suman a una larga lista de cr\u00edmenes de odio contra la comunidad LGBTQ+ en Veracruz.En entrevista Carolina V\u00e1squez D\u00e9ctor, representante del colectivo Igualdad Orizaba critic\u00f3 el manejo de los casos por parte de la Fiscal\u00eda General del Estado por lo que asegur\u00f3 que como comunidad est\u00e1n solicitando el cambio de la responsable de este ente. \u00abExigimos que caiga todo el peso de la ley sobre \u00e9l los que resulten responsables. Tambi\u00e9n exigimos ya no que la fiscal haga su trabajo lo que ahora exigimos es que sea destituida de un cargo que le ha quedado bastante grande\u00bb, puntualiz\u00f3.V\u00e1squez D\u00e9ctor indic\u00f3 que ninguno de los homicidios de los que ha llevado carpeta de investigaci\u00f3n la Fiscal\u00eda General del Estado han sido resueltos y tal pareciera que no les importara e incluso teniendo las pruebas han dejado libres a los culpables. \u00abVeracruz est\u00e1 de luto por la p\u00e9rdida de dos miembros m\u00e1s de la comunidad LGBTQ+\u201d.Reiter\u00f3 que estos cr\u00edmenes han generado un profundo sentimiento de consternaci\u00f3n y miedo en la comunidad, que exige justicia y responsabiliza a las autoridades por la falta de avances en las investigaciones.De igual forma, otros miembros de la comunidad lamentaron que al suceder estos casos se criminalice y revictimice a las v\u00edctimas, enfoc\u00e1ndose m\u00e1s en el contexto de la comunidad LGBTQ+ que en el crimen mismo. \u00abLo que estamos pidiendo es justicia, porque se cometi\u00f3 un asesinato\u00bb, De igual forma diversas organizaciones de la comunidad LGBTTQ+ en el estado anunciaron la realizaci\u00f3n de tres d\u00edas de luto en Veracruz por los asesinatos de Ehdibaldo Presa Parra y Ariadna Guadalupe Cort\u00e9s Hern\u00e1ndez y llamaron a m\u00e1s organizaciones de Veracruz y el pa\u00eds a sumarse, no s\u00f3lo por la muerte de estos miembros de la comunidad LGBTTQ+ sino tambi\u00e9n por otros cr\u00edmenes de odio que no han recibido justicia en Veracruz.Es de mencionar que el maestro universitario de 40 a\u00f1os Ehdibaldo Presa Parra, de la Facultad de Agronom\u00eda de la Universidad Veracruzana en la zona C\u00f3rdoba-Orizaba, fue privado de la vida en su domicilio del residencial Las Quintas en el municipio de C\u00f3rdoba; fue hallado por sus familiares con heridas de arma blanca en el cuello y cuerpo mientras que la joven Ariadna Guadalupe Cort\u00e9s Hern\u00e1ndez, de 30 a\u00f1os, fue hallada sin vida en Ixtaczoquitl\u00e1n despu\u00e9s de haber desaparecido el 2 de febrero de 2024 en R\u00edo Blanco.<\/p>\n","protected":false},"excerpt":{"rendered":"<p>\u201dExigimos ya no que la fiscal haga su trabajo lo que ahora exigimos es que sea destituida de un cargo que le ha quedado bastante grande\u201d: Colectivo Igualdad Orizaba, Ver.- A la exigencia de justicia por los asesinatos de Ehdibaldo Presa Parra, catedr\u00e1tico de la Facultad de Agronom\u00eda de la Universidad Veracruzana en C\u00f3rdoba y [&hellip;]<\/p>\n","protected":false},"author":6,"featured_media":20646,"comment_status":"closed","ping_status":"open","sticky":false,"template":"","format":"standard","meta":{"rop_custom_images_group":[],"rop_custom_messages_group":[],"rop_publish_now":"initial","rop_publish_now_accounts":{"facebook_2001103103558832_1797403930571497":""},"rop_publish_now_history":[],"rop_publish_now_status":"pending","tdm_status":"","tdm_grid_status":"","footnotes":""},"categories":[26,10],"tags":[],"class_list":{"0":"post-20645","1":"post","2":"type-post","3":"status-publish","4":"format-standard","5":"has-post-thumbnail","7":"category-destacada-4","8":"category-local-regional"},"_links":{"self":[{"href":"https:\/\/elrotativo.com.mx\/portal\/wp-json\/wp\/v2\/posts\/20645","targetHints":{"allow":["GET"]}}],"collection":[{"href":"https:\/\/elrotativo.com.mx\/portal\/wp-json\/wp\/v2\/posts"}],"about":[{"href":"https:\/\/elrotativo.com.mx\/portal\/wp-json\/wp\/v2\/types\/post"}],"author":[{"embeddable":true,"href":"https:\/\/elrotativo.com.mx\/portal\/wp-json\/wp\/v2\/users\/6"}],"replies":[{"embeddable":true,"href":"https:\/\/elrotativo.com.mx\/portal\/wp-json\/wp\/v2\/comments?post=20645"}],"version-history":[{"count":1,"href":"https:\/\/elrotativo.com.mx\/portal\/wp-json\/wp\/v2\/posts\/20645\/revisions"}],"predecessor-version":[{"id":20647,"href":"https:\/\/elrotativo.com.mx\/portal\/wp-json\/wp\/v2\/posts\/20645\/revisions\/20647"}],"wp:featuredmedia":[{"embeddable":true,"href":"https:\/\/elrotativo.com.mx\/portal\/wp-json\/wp\/v2\/media\/20646"}],"wp:attachment":[{"href":"https:\/\/elrotativo.com.mx\/portal\/wp-json\/wp\/v2\/media?parent=20645"}],"wp:term":[{"taxonomy":"category","embeddable":true,"href":"https:\/\/elrotativo.com.mx\/portal\/wp-json\/wp\/v2\/categories?post=20645"},{"taxonomy":"post_tag","embeddable":true,"href":"https:\/\/elrotativo.com.mx\/portal\/wp-json\/wp\/v2\/tags?post=20645"}],"curies":[{"name":"wp","href":"https:\/\/api.w.org\/{rel}","templated":true}]}}