{"id":20633,"date":"2025-01-12T12:33:45","date_gmt":"2025-01-12T18:33:45","guid":{"rendered":"https:\/\/elrotativo.com.mx\/portal\/?p=20633"},"modified":"2025-01-12T12:33:45","modified_gmt":"2025-01-12T18:33:45","slug":"aunque-esperara-a-los-tiempos-electorales-el-pvem-en-ixtaczoquitlan-buscara-candidatos-preparados-en-materia-legislativa","status":"publish","type":"post","link":"https:\/\/elrotativo.com.mx\/portal\/aunque-esperara-a-los-tiempos-electorales-el-pvem-en-ixtaczoquitlan-buscara-candidatos-preparados-en-materia-legislativa\/","title":{"rendered":"Aunque esperar\u00e1 a los tiempos electorales, el PVEM en Ixtaczoquitl\u00e1n buscar\u00e1 candidatos \u201cpreparados\u201d en materia legislativa"},"content":{"rendered":"\n<p> Ixtaczoquitl\u00e1n, Ver.- Ante la importancia de respetar los tiempos y calendarios electorales establecidos con miras a la elecci\u00f3n del pr\u00f3ximo mes de junio, el Partido Verde Ecologista de M\u00e9xico se apegar\u00e1 a sus estatutos internos, por lo que a\u00fan no adelantar\u00e1n las decisiones sobre candidaturas, asegur\u00f3 el coordinador de este instituto pol\u00edtico en el municipio de Ixtaczoquitl\u00e1n. En entrevista, detall\u00f3 que actualmente iniciaron una campa\u00f1a de afiliaci\u00f3n para sumar a nuevos miembros al partido, en conformidad con los tiempos electorales permitidos, pues buscan atraer a ciudadanos, luchadores sociales y actores pol\u00edticos comprometidos con las causas sociales, para formar un equipo que trabaje por la transparencia y el respeto a la ley.Maciel Dorantes explic\u00f3 que uno de los principales retos para Ixtaczoquitl\u00e1n es la necesidad de contar con funcionarios capacitados y con conocimiento de la Constituci\u00f3n para garantizar un gobierno eficiente y que comprendan la importancia de la legalidad, por lo que en su momento el Partido Verde impulsar\u00e1 un candidato con un perfil profesional y un s\u00f3lido conocimiento en materia legislativa. Cuestionado sobre una posible alianza con el partido Morena en Ixtaczoquitl\u00e1n, dijo que aunque no la descarta su objetivo ser\u00e1 encabezar dicha coalici\u00f3n con la mira puesta en ganar las elecciones de 2025. \u00abEstamos bien, el partido ya est\u00e1 teniendo trabajos, apoyando para dar algunos nombramientos de activaci\u00f3n a actores sociales y pol\u00edticos\u201d.Acompa\u00f1ado por la secretaria de Organizaci\u00f3n, \u00c9rika Iliana D\u00edaz Hern\u00e1ndez y el coordinador electoral distrital, Marco Antonio Contreras Carrera, Maciel Dorantes mencion\u00f3 que el PVEM ya cuenta con una oficina de gesti\u00f3n en el municipio y que, en el momento adecuado, abrir\u00e1n su \u00abCasa Verde\u00bb, un espacio donde los ciudadanos podr\u00e1n acercarse para obtener m\u00e1s informaci\u00f3n sobre el partido y sus proyectos.Finalmente hizo un llamado a actores sociales y pol\u00edticos, incluso aquellos que formaban parte de partidos que han perdido su registro, como el PRD, a unirse a las filas del PVEM. \u00abNo venimos a jugar a las carreritas ni a echar pleito con nadie, pero s\u00ed venimos en un plan firme y tampoco a dejar que haya imposici\u00f3n de algunos pseudol\u00edderes que quieran sumarse\u00bb, puntualiz\u00f3 el coordinador.<\/p>\n","protected":false},"excerpt":{"rendered":"<p>Ixtaczoquitl\u00e1n, Ver.- Ante la importancia de respetar los tiempos y calendarios electorales establecidos con miras a la elecci\u00f3n del pr\u00f3ximo mes de junio, el Partido Verde Ecologista de M\u00e9xico se apegar\u00e1 a sus estatutos internos, por lo que a\u00fan no adelantar\u00e1n las decisiones sobre candidaturas, asegur\u00f3 el coordinador de este instituto pol\u00edtico en el municipio [&hellip;]<\/p>\n","protected":false},"author":6,"featured_media":20634,"comment_status":"closed","ping_status":"open","sticky":false,"template":"","format":"standard","meta":{"rop_custom_images_group":[],"rop_custom_messages_group":[],"rop_publish_now":"initial","rop_publish_now_accounts":{"facebook_2001103103558832_1797403930571497":""},"rop_publish_now_history":[],"rop_publish_now_status":"pending","tdm_status":"","tdm_grid_status":"","footnotes":""},"categories":[26,10],"tags":[],"class_list":{"0":"post-20633","1":"post","2":"type-post","3":"status-publish","4":"format-standard","5":"has-post-thumbnail","7":"category-destacada-4","8":"category-local-regional"},"_links":{"self":[{"href":"https:\/\/elrotativo.com.mx\/portal\/wp-json\/wp\/v2\/posts\/20633","targetHints":{"allow":["GET"]}}],"collection":[{"href":"https:\/\/elrotativo.com.mx\/portal\/wp-json\/wp\/v2\/posts"}],"about":[{"href":"https:\/\/elrotativo.com.mx\/portal\/wp-json\/wp\/v2\/types\/post"}],"author":[{"embeddable":true,"href":"https:\/\/elrotativo.com.mx\/portal\/wp-json\/wp\/v2\/users\/6"}],"replies":[{"embeddable":true,"href":"https:\/\/elrotativo.com.mx\/portal\/wp-json\/wp\/v2\/comments?post=20633"}],"version-history":[{"count":1,"href":"https:\/\/elrotativo.com.mx\/portal\/wp-json\/wp\/v2\/posts\/20633\/revisions"}],"predecessor-version":[{"id":20635,"href":"https:\/\/elrotativo.com.mx\/portal\/wp-json\/wp\/v2\/posts\/20633\/revisions\/20635"}],"wp:featuredmedia":[{"embeddable":true,"href":"https:\/\/elrotativo.com.mx\/portal\/wp-json\/wp\/v2\/media\/20634"}],"wp:attachment":[{"href":"https:\/\/elrotativo.com.mx\/portal\/wp-json\/wp\/v2\/media?parent=20633"}],"wp:term":[{"taxonomy":"category","embeddable":true,"href":"https:\/\/elrotativo.com.mx\/portal\/wp-json\/wp\/v2\/categories?post=20633"},{"taxonomy":"post_tag","embeddable":true,"href":"https:\/\/elrotativo.com.mx\/portal\/wp-json\/wp\/v2\/tags?post=20633"}],"curies":[{"name":"wp","href":"https:\/\/api.w.org\/{rel}","templated":true}]}}