{"id":19404,"date":"2024-08-19T22:06:11","date_gmt":"2024-08-20T04:06:11","guid":{"rendered":"https:\/\/elrotativo.com.mx\/portal\/?p=19404"},"modified":"2024-08-19T22:06:11","modified_gmt":"2024-08-20T04:06:11","slug":"del-9-al-11-de-septiembre-visitaran-reliquias-de-san-judas-tadeo-diocesis-de-orizaba","status":"publish","type":"post","link":"https:\/\/elrotativo.com.mx\/portal\/del-9-al-11-de-septiembre-visitaran-reliquias-de-san-judas-tadeo-diocesis-de-orizaba\/","title":{"rendered":"Del 9 al 11 de septiembre Visitaran Reliquias de San Judas Tadeo Di\u00f3cesis de Orizaba"},"content":{"rendered":"\n<p><br><br>Orizaba, Ver.- Como parte de su recorrido por el pa\u00eds, del 9 al 11 de septiembre la Di\u00f3cesis de Orizaba, recibir\u00e1 las reliquias de primer grado de San Judas Tadeo, el Conocido \u201cSanto de las Causas Dif\u00edciles\u201d, para lo cual las autoridades eclesi\u00e1sticas ya cuentan con un programa para el recorrido.<br>En rueda de prensa, el obispo Francisco Eduardo Cervantes Merino, acompa\u00f1ado de otros sacerdotes, explic\u00f3 que, durante estos d\u00edas del Santo m\u00e1s conocido y venerado por algunos sectores de la poblaci\u00f3n, se podr\u00e1n conocer sus reliquias que en este caso se trata del hueso de uno de sus brazos.<br>De igual forma dieron a conocer los detalles del recorrido que realizar\u00e1n estas reliquias por algunas parroquias de la di\u00f3cesis las cuales llegar\u00e1n a la Casa de la Iglesia en punto de las 00:00 horas del domingo 8 de septiembre; \u201cEl 9 de septiembre saldr\u00e1n de la casa de la Iglesia de las 09:00 horas en caravana, por toda la avenida Cri Cri norte y sur; visitando la parroquia de San Juan de los Lagos, para salir a la avenida Orizaba pasar frente al IMSS, la calle Real, sur 8 y Col\u00f3n para llegar a Catedral y a las 12:00 horas ser\u00e1 la recepci\u00f3n de las reliquias y Eucarist\u00eda en este lugar, al t\u00e9rmino de la Misa veneraci\u00f3n de las reliquias en catedral hasta las 22 horas\u201d.<br>Agregaron que el martes 10 de septiembre, las reliquias permanecen en la Catedral para su veneraci\u00f3n con eucarist\u00edas a las 07:00, 08:00, 12:00, 18:00, 21:00 horas, siendo las de las 22:00 la de la despedida.<br>De igual forma el 11 de septiembre las reliquias visitar\u00e1n el Decanato Fabril iniciando a las 06:45 horas una caravana por toda la toda la \u201cCalle Real\u201d de Orizaba, R\u00edo Blanco, Nogales y Ciudad Mendoza; con estaciones en: Nuestra Se\u00f1ora del Sagrado Coraz\u00f3n en Vicente Guerrero, Sagrado coraz\u00f3n de Jes\u00fas, R\u00edo Blanco, San Juan Bautista, Nogales. La Inmaculada Concepci\u00f3n, Huiloapan. San Rafael Gu\u00edzar, de Ciudad Mendoza, San Isidro Labrador el Encinar, Nuestra Se\u00f1ora de los Dolores, Tecamalucan, para arribar a Santa Rosa de lima donde permanecer\u00e1 hasta las 21 horas para posteriormente continuar las reliquias con su recorrido por las Di\u00f3cesis del pa\u00eds.<br>En este sentido, el obispo record\u00f3 que las reliquias pueden ser el propio cuerpo de un santo o cualquiera de sus partes, sean miembros cenizas o huesos. En este caso, la reliquia de San Judas Tadeo es de primer grado, consiste en un fragmento de hueso, colocado en un relicario en forma de brazo, mismo que ser\u00e1 ubicado junto con la imagen de San Judas Tadeo en una camioneta panor\u00e1mica, con el fin de que los devotos puedan venerarla en su trayecto.<br>Ante la multitud de fieles creyentes que se espera asistan a esta visita, la Di\u00f3cesis de Orizaba se ha coordinado con las autoridades correspondientes para ofrecer seguridad a las miles de personas que se espera se congreguen.<br>\u00bfQui\u00e9n fue San Judas Tadeo?<br>San Judas Tadeo era primo de Jes\u00fas, hermano del Apost\u00f3l Santiago e hijo de Alfeo (Cleof\u00e1s), quien era hermano de San Jos\u00e9. Cleof\u00e1s se cas\u00f3 con Mar\u00eda de Cleof\u00e1s, despu\u00e9s de enviudar de su primer matrimonio del que naci\u00f3; por lo tanto, Santiago el Menor y Judas ser\u00edan primos de Jes\u00fas y sobrinos de San Jos\u00e9 y la Sant\u00edsima Virgen. Sin embargo, no se ha logrado especificar si Mar\u00eda de Cleof\u00e1s era \u201chermana\u201d desangre de la Virgen Mar\u00eda o s\u00f3lo su cu\u00f1ada porque en ese tiempo se llamaba \u201chermanos\u201d a los parientes en general.<br>Se suele representar a San Judas Tadeo con un medall\u00f3n en el pecho que tiene el rostro de Cristo, adem\u00e1s lleva una llama de fuego en la cabeza porque recibi\u00f3 al Esp\u00edritu Santo en Pentecost\u00e9s.<br>San Judas Tadeo predic\u00f3 primero en Judea, luego pas\u00f3 a Mesopotamia y finalmente en Persia. Ah\u00ed se reuni\u00f3 con el ap\u00f3stol San Sim\u00f3n y juntos combatieron las herej\u00edas de Zaroes y Arfexat, dos sacerdotes paganos que levantaron al pueblo contra las obras de los ap\u00f3stoles.<br>Ambos ap\u00f3stoles recibieron juntos la corona del martirio y por eso la Iglesia los celebra el mismo d\u00eda. Las reliquias de los Santos se encuentran en un altar de la Bas\u00edlica de San Pedro en el Vaticano.<\/p>\n","protected":false},"excerpt":{"rendered":"<p>Orizaba, Ver.- Como parte de su recorrido por el pa\u00eds, del 9 al 11 de septiembre la Di\u00f3cesis de Orizaba, recibir\u00e1 las reliquias de primer grado de San Judas Tadeo, el Conocido \u201cSanto de las Causas Dif\u00edciles\u201d, para lo cual las autoridades eclesi\u00e1sticas ya cuentan con un programa para el recorrido.En rueda de prensa, el [&hellip;]<\/p>\n","protected":false},"author":1,"featured_media":19410,"comment_status":"open","ping_status":"open","sticky":false,"template":"","format":"standard","meta":{"rop_custom_images_group":[],"rop_custom_messages_group":[],"rop_publish_now":"initial","rop_publish_now_accounts":{"facebook_2001103103558832_1797403930571497":""},"rop_publish_now_history":[],"rop_publish_now_status":"pending","tdm_status":"","tdm_grid_status":"","footnotes":""},"categories":[26,10],"tags":[],"class_list":{"0":"post-19404","1":"post","2":"type-post","3":"status-publish","4":"format-standard","5":"has-post-thumbnail","7":"category-destacada-4","8":"category-local-regional"},"_links":{"self":[{"href":"https:\/\/elrotativo.com.mx\/portal\/wp-json\/wp\/v2\/posts\/19404","targetHints":{"allow":["GET"]}}],"collection":[{"href":"https:\/\/elrotativo.com.mx\/portal\/wp-json\/wp\/v2\/posts"}],"about":[{"href":"https:\/\/elrotativo.com.mx\/portal\/wp-json\/wp\/v2\/types\/post"}],"author":[{"embeddable":true,"href":"https:\/\/elrotativo.com.mx\/portal\/wp-json\/wp\/v2\/users\/1"}],"replies":[{"embeddable":true,"href":"https:\/\/elrotativo.com.mx\/portal\/wp-json\/wp\/v2\/comments?post=19404"}],"version-history":[{"count":1,"href":"https:\/\/elrotativo.com.mx\/portal\/wp-json\/wp\/v2\/posts\/19404\/revisions"}],"predecessor-version":[{"id":19411,"href":"https:\/\/elrotativo.com.mx\/portal\/wp-json\/wp\/v2\/posts\/19404\/revisions\/19411"}],"wp:featuredmedia":[{"embeddable":true,"href":"https:\/\/elrotativo.com.mx\/portal\/wp-json\/wp\/v2\/media\/19410"}],"wp:attachment":[{"href":"https:\/\/elrotativo.com.mx\/portal\/wp-json\/wp\/v2\/media?parent=19404"}],"wp:term":[{"taxonomy":"category","embeddable":true,"href":"https:\/\/elrotativo.com.mx\/portal\/wp-json\/wp\/v2\/categories?post=19404"},{"taxonomy":"post_tag","embeddable":true,"href":"https:\/\/elrotativo.com.mx\/portal\/wp-json\/wp\/v2\/tags?post=19404"}],"curies":[{"name":"wp","href":"https:\/\/api.w.org\/{rel}","templated":true}]}}