{"id":18144,"date":"2024-03-14T20:06:43","date_gmt":"2024-03-15T02:06:43","guid":{"rendered":"https:\/\/elrotativo.com.mx\/portal\/?p=18144"},"modified":"2024-03-14T20:06:43","modified_gmt":"2024-03-15T02:06:43","slug":"veracruz-deberia-ser-de-los-estados-con-tarifas-mas-bajas-en-energia-electrica-yunes-marquez","status":"publish","type":"post","link":"https:\/\/elrotativo.com.mx\/portal\/veracruz-deberia-ser-de-los-estados-con-tarifas-mas-bajas-en-energia-electrica-yunes-marquez\/","title":{"rendered":"Veracruz deber\u00eda ser de los estados con tarifas m\u00e1s bajas en energ\u00eda el\u00e9ctrica: Yunes M\u00e1rquez"},"content":{"rendered":"\n<p class=\"wp-block-paragraph\">Orizaba, Ver.- Un mejor trato para Veracruz en el tema de las tarifas de energ\u00eda el\u00e9ctrica y subsidios para adultos mayores es una de las propuestas que trae el aspirante a la senadur\u00eda de Veracruz por la coalici\u00f3n \u00abFuerza y coraz\u00f3n por Veracruz\u00bb, Miguel \u00c1ngel Yunes M\u00e1rquez.<\/p>\n\n\n\n<p class=\"wp-block-paragraph\">Durante su gira en la ciudad de Orizaba en donde se reuni\u00f3 con empresarios de la regi\u00f3n y por la tarde en una reuni\u00f3n con simpatizantes en el Centro Orizaba de Convenciones (Coco), el candidato asegur\u00f3 que es lamentable que siendo Veracruz generador de energ\u00eda a trav\u00e9s de la planta de Laguna Verde y otras que hay en el estado, las tarifas sean alt\u00edsimas a comparaci\u00f3n con como Tabasco y Guerrero en donde los precios son muy bajos.<\/p>\n\n\n\n<p class=\"wp-block-paragraph\">\u00abNo veo por qu\u00e9 la injusticia y la diferenciaci\u00f3n para que la gente pueda pagar una tarifa justa, sobre todo la gente que menos tiene. Una de las propuestas que voy a hacer es que a los beneficiarios de la pensi\u00f3n de adultos mayores les den subsidio en la luz, porque ese dinero que les est\u00e1 dando el gobierno se les va en dos cosas pr\u00e1cticamente, en pagar medicinas, que no les est\u00e1n dando en los hospitales, y en pagar la luz\u201d.<\/p>\n\n\n\n<p class=\"wp-block-paragraph\">Explic\u00f3 que la Comisi\u00f3n Federal de Electricidad (CFE) aplica diferentes tarifas para el pago de luz sin embargo, en el estado se aplica una de las m\u00e1s altas, a pesar de los niveles de pobreza en la poblaci\u00f3n, la generaci\u00f3n de energ\u00eda y a que con cambio clim\u00e1tico cada vez el calor es m\u00e1s intenso y la gente requiere del uso de aparatos electrodom\u00e9sticos. Finalmente reiter\u00f3 que desde el Senado buscar\u00e1 exigir a la CFE un trato justo para Veracruz no s\u00f3lo en tarifas, sino tambi\u00e9n en calidad, porque a la fecha no se ve inversi\u00f3n en material de infraestructura y la que hay ya es vieja, dejando de lado la producci\u00f3n de energ\u00edas limpias como la e\u00f3lica y la solar.|&nbsp;&nbsp;&nbsp;&nbsp;&nbsp;&nbsp;&nbsp;&nbsp;&nbsp;<\/p>\n","protected":false},"excerpt":{"rendered":"<p>Orizaba, Ver.- Un mejor trato para Veracruz en el tema de las tarifas de energ\u00eda el\u00e9ctrica y subsidios para adultos mayores es una de las propuestas que trae el aspirante a la senadur\u00eda de Veracruz por la coalici\u00f3n \u00abFuerza y coraz\u00f3n por Veracruz\u00bb, Miguel \u00c1ngel Yunes M\u00e1rquez. Durante su gira en la ciudad de Orizaba [&hellip;]<\/p>\n","protected":false},"author":1,"featured_media":18149,"comment_status":"open","ping_status":"open","sticky":false,"template":"","format":"standard","meta":{"tdm_status":"","tdm_grid_status":"","footnotes":""},"categories":[26,10],"tags":[],"class_list":["post-18144","post","type-post","status-publish","format-standard","has-post-thumbnail","category-destacada-4","category-local-regional"],"_links":{"self":[{"href":"https:\/\/elrotativo.com.mx\/portal\/wp-json\/wp\/v2\/posts\/18144","targetHints":{"allow":["GET"]}}],"collection":[{"href":"https:\/\/elrotativo.com.mx\/portal\/wp-json\/wp\/v2\/posts"}],"about":[{"href":"https:\/\/elrotativo.com.mx\/portal\/wp-json\/wp\/v2\/types\/post"}],"author":[{"embeddable":true,"href":"https:\/\/elrotativo.com.mx\/portal\/wp-json\/wp\/v2\/users\/1"}],"replies":[{"embeddable":true,"href":"https:\/\/elrotativo.com.mx\/portal\/wp-json\/wp\/v2\/comments?post=18144"}],"version-history":[{"count":1,"href":"https:\/\/elrotativo.com.mx\/portal\/wp-json\/wp\/v2\/posts\/18144\/revisions"}],"predecessor-version":[{"id":18152,"href":"https:\/\/elrotativo.com.mx\/portal\/wp-json\/wp\/v2\/posts\/18144\/revisions\/18152"}],"wp:featuredmedia":[{"embeddable":true,"href":"https:\/\/elrotativo.com.mx\/portal\/wp-json\/wp\/v2\/media\/18149"}],"wp:attachment":[{"href":"https:\/\/elrotativo.com.mx\/portal\/wp-json\/wp\/v2\/media?parent=18144"}],"wp:term":[{"taxonomy":"category","embeddable":true,"href":"https:\/\/elrotativo.com.mx\/portal\/wp-json\/wp\/v2\/categories?post=18144"},{"taxonomy":"post_tag","embeddable":true,"href":"https:\/\/elrotativo.com.mx\/portal\/wp-json\/wp\/v2\/tags?post=18144"}],"curies":[{"name":"wp","href":"https:\/\/api.w.org\/{rel}","templated":true}]}}