{"id":18142,"date":"2024-03-14T20:03:19","date_gmt":"2024-03-15T02:03:19","guid":{"rendered":"https:\/\/elrotativo.com.mx\/portal\/?p=18142"},"modified":"2024-03-14T20:03:20","modified_gmt":"2024-03-15T02:03:20","slug":"se-siguen-sumando-casos-de-maltrato-infantil-en-cendi-abejitas-de-orizaba","status":"publish","type":"post","link":"https:\/\/elrotativo.com.mx\/portal\/se-siguen-sumando-casos-de-maltrato-infantil-en-cendi-abejitas-de-orizaba\/","title":{"rendered":"Se siguen sumando casos de maltrato infantil en CENDI Abejitas de Orizaba"},"content":{"rendered":"\n<p class=\"wp-block-paragraph\"><strong><em>*Ya se interpusieron 24 denuncias ante Fiscal\u00eda<\/em><\/strong><\/p>\n\n\n\n<p class=\"wp-block-paragraph\">Orizaba, Ver.- Ante la Fiscal\u00eda Regional se han interpuesto al menos 24 denuncias oficiales por maltrato en contra de ni\u00f1os del Centro de Desarrollo Infantil (Cendi) Abejitas, por parte de personal docente y quienes resulten responsables, por lo cual los padres de los afectados han solicitado a las autoridades locales y estatales, su acompa\u00f1amiento en esta situaci\u00f3n que ha afectado a por lo menos 40 infantes de esta generaci\u00f3n.<\/p>\n\n\n\n<p class=\"wp-block-paragraph\">En entrevista madres de familia explicaron que ante la denuncia p\u00fablica de la situaci\u00f3n que enfrentan por maltrato en algunos salones, cada d\u00eda m\u00e1s padres levantan la voz al descubrir que sus hijos tambi\u00e9n fueron violentados, sin embargo, desconocen la manera legal en que pueden proceder por lo cual se ha complicado que puedan hacer las denuncias formales.<\/p>\n\n\n\n<p class=\"wp-block-paragraph\">Explicaron que desde el pasado 4 de marzo se interpusieron las primeras denuncias y tras ello, ya las autoridades, m\u00e9dicos legistas y psic\u00f3logos de la Fiscal\u00eda han entrevistado a algunos ni\u00f1os, por lo que se encuentran a la espera de los resultados de estas pruebas o \u201ctest\u201d que les han hecho a los menores.<\/p>\n\n\n\n<p class=\"wp-block-paragraph\">\u201cEl lunes hicimos las denuncias este ante la fiscal\u00eda y bueno a partir de ah\u00ed se este no nos han pedido pruebas, pero s\u00ed hemos estado en contacto por ejemplo con el m\u00e9dico legista que ha checado algunos ni\u00f1os, otras mam\u00e1s tambi\u00e9n ya ha llevado a sus hijos al departamento de Psicolog\u00eda y trabajo social para que los eval\u00faen, vean si hay da\u00f1o emocional, adem\u00e1s del f\u00edsico que algunos ni\u00f1os si mostraron\u201d.<\/p>\n\n\n\n<p class=\"wp-block-paragraph\">Detallaron que, aunque en su momento las autoridades escolares de esta guarder\u00eda apoyaron a los padres, con el paso de los d\u00edas y tras salir nuevos casos, la situaci\u00f3n se ha vuelto tensa, por lo cual se han realizado diversas reuniones entre los directivos y padres de familia de diferentes grados para solicitarles el apoyo al plantel educativo.<\/p>\n\n\n\n<p class=\"wp-block-paragraph\">\u201cTuvimos una junta con la directora y la maestra y ellas fueron quienes lo aceptaron en nuestra propia cara, el maltrato que se ejerc\u00eda y la manera en la castigaban el maltrato con los menores, nosotros s\u00ed estamos unidos, pero la escuela est\u00e1 mal informando con otras juntas. Est\u00e1 haciendo juntas con los pap\u00e1s en diferentes horarios y de diferentes salones en la que no nos est\u00e1n incluyendo a nosotros para mal informar o desinformar a todos, ah\u00ed es donde encontramos mucho conflicto\u201d. Finalmente, ante la situaci\u00f3n que est\u00e1 tomando este caso, dijeron lamentar el actuar de las due\u00f1as de esta guarder\u00eda y el escaso apoyo por parte de las autoriades de la fiscal\u00eda para darles orientaci\u00f3n sobre el procedimiento, as\u00ed como el rechazo de la Comisi\u00f3n Nacional de los Derechos Humanos para intervenir en el caso de maltrato infantil que se suscit\u00f3 en este lugar en contra de m\u00e1s de 40 ni\u00f1os.<\/p>\n","protected":false},"excerpt":{"rendered":"<p>*Ya se interpusieron 24 denuncias ante Fiscal\u00eda Orizaba, Ver.- Ante la Fiscal\u00eda Regional se han interpuesto al menos 24 denuncias oficiales por maltrato en contra de ni\u00f1os del Centro de Desarrollo Infantil (Cendi) Abejitas, por parte de personal docente y quienes resulten responsables, por lo cual los padres de los afectados han solicitado a las [&hellip;]<\/p>\n","protected":false},"author":1,"featured_media":18146,"comment_status":"open","ping_status":"open","sticky":false,"template":"","format":"standard","meta":{"tdm_status":"","tdm_grid_status":"","footnotes":""},"categories":[26,10],"tags":[],"class_list":["post-18142","post","type-post","status-publish","format-standard","has-post-thumbnail","category-destacada-4","category-local-regional"],"_links":{"self":[{"href":"https:\/\/elrotativo.com.mx\/portal\/wp-json\/wp\/v2\/posts\/18142","targetHints":{"allow":["GET"]}}],"collection":[{"href":"https:\/\/elrotativo.com.mx\/portal\/wp-json\/wp\/v2\/posts"}],"about":[{"href":"https:\/\/elrotativo.com.mx\/portal\/wp-json\/wp\/v2\/types\/post"}],"author":[{"embeddable":true,"href":"https:\/\/elrotativo.com.mx\/portal\/wp-json\/wp\/v2\/users\/1"}],"replies":[{"embeddable":true,"href":"https:\/\/elrotativo.com.mx\/portal\/wp-json\/wp\/v2\/comments?post=18142"}],"version-history":[{"count":1,"href":"https:\/\/elrotativo.com.mx\/portal\/wp-json\/wp\/v2\/posts\/18142\/revisions"}],"predecessor-version":[{"id":18147,"href":"https:\/\/elrotativo.com.mx\/portal\/wp-json\/wp\/v2\/posts\/18142\/revisions\/18147"}],"wp:featuredmedia":[{"embeddable":true,"href":"https:\/\/elrotativo.com.mx\/portal\/wp-json\/wp\/v2\/media\/18146"}],"wp:attachment":[{"href":"https:\/\/elrotativo.com.mx\/portal\/wp-json\/wp\/v2\/media?parent=18142"}],"wp:term":[{"taxonomy":"category","embeddable":true,"href":"https:\/\/elrotativo.com.mx\/portal\/wp-json\/wp\/v2\/categories?post=18142"},{"taxonomy":"post_tag","embeddable":true,"href":"https:\/\/elrotativo.com.mx\/portal\/wp-json\/wp\/v2\/tags?post=18142"}],"curies":[{"name":"wp","href":"https:\/\/api.w.org\/{rel}","templated":true}]}}